{"id":40977,"date":"2022-02-10T07:02:00","date_gmt":"2022-02-10T10:02:00","guid":{"rendered":"https:\/\/www.portalalerta.com.br\/?p=40977"},"modified":"2022-02-09T22:36:49","modified_gmt":"2022-02-10T01:36:49","slug":"governo-oficializa-mudancas-na-rouanet-e-limita-caches-de-artistas-a-r-3-mil","status":"publish","type":"post","link":"https:\/\/www.portalalerta.com.br\/index.php\/2022\/02\/10\/governo-oficializa-mudancas-na-rouanet-e-limita-caches-de-artistas-a-r-3-mil\/","title":{"rendered":"Governo oficializa mudan\u00e7as na Rouanet e limita cach\u00eas de artistas a R$ 3 mil"},"content":{"rendered":"\n<p>O governo federal publicou no Di\u00e1rio Oficial da Uni\u00e3o desta ter\u00e7a (8) uma instru\u00e7\u00e3o normativa que oficializa uma s\u00e9rie de mudan\u00e7as introduzidas na\u00a0Lei Rouanet\u00a0num decreto do meio do ano passado, como a inclus\u00e3o de arte sacra no \u00e2mbito da lei.<\/p>\n\n\n\n<!--more-->\n\n\n\n<p>Tamb\u00e9m foram contempladas na publica\u00e7\u00e3o desta ter\u00e7a medidas novas anunciadas anteriormente pelo Twitter do secret\u00e1rio de fomento, Andr\u00e9 Porci\u00fancula, como o limite de R$ 3.000 para os cach\u00eas de artistas solos. M\u00fasicos podem receber at\u00e9 R$ 3.500 e maestros de orquestra, at\u00e9 R$ 15 mil.<\/p>\n\n\n\n<p>Segundo Porci\u00fancula, ex-PM que comanda a Rouanet na gest\u00e3o de\u00a0Mario Frias, o cach\u00ea de R$ 3 mil \u00e9 <strong><em>\u201cum valor excelente para artistas em in\u00edcio de carreira\u201d, e \u201cn\u00e3o haver\u00e1 exce\u00e7\u00f5es para celebridades\u201d<\/em><\/strong>.<\/p>\n\n\n\n<div class=\"wp-block-image\"><figure class=\"alignleft size-large is-resized\"><img fetchpriority=\"high\" decoding=\"async\" src=\"https:\/\/www.portalalerta.com.br\/wp-content\/uploads\/2021\/10\/Cred-Real-1024x1024.jpeg\" alt=\"\" class=\"wp-image-38729\" width=\"386\" height=\"386\" srcset=\"https:\/\/www.portalalerta.com.br\/wp-content\/uploads\/2021\/10\/Cred-Real-1024x1024.jpeg 1024w, https:\/\/www.portalalerta.com.br\/wp-content\/uploads\/2021\/10\/Cred-Real-240x240.jpeg 240w, https:\/\/www.portalalerta.com.br\/wp-content\/uploads\/2021\/10\/Cred-Real-768x768.jpeg 768w, https:\/\/www.portalalerta.com.br\/wp-content\/uploads\/2021\/10\/Cred-Real-1536x1536.jpeg 1536w, https:\/\/www.portalalerta.com.br\/wp-content\/uploads\/2021\/10\/Cred-Real-146x146.jpeg 146w, https:\/\/www.portalalerta.com.br\/wp-content\/uploads\/2021\/10\/Cred-Real-50x50.jpeg 50w, https:\/\/www.portalalerta.com.br\/wp-content\/uploads\/2021\/10\/Cred-Real-75x75.jpeg 75w, https:\/\/www.portalalerta.com.br\/wp-content\/uploads\/2021\/10\/Cred-Real-85x85.jpeg 85w, https:\/\/www.portalalerta.com.br\/wp-content\/uploads\/2021\/10\/Cred-Real-80x80.jpeg 80w, https:\/\/www.portalalerta.com.br\/wp-content\/uploads\/2021\/10\/Cred-Real.jpeg 1920w\" sizes=\"(max-width: 386px) 100vw, 386px\" \/><\/figure><\/div>\n\n\n\n<p>Limitar os cach\u00eas \u00e9 absurdo e uma forma de castigar os artistas, de acordo com uma produtora cultural com d\u00e9cadas de experi\u00eancia que prefere n\u00e3o se identificar. Pagar R$ 3 mil \u00e9 o que em geral um t\u00e9cnico ganha, diz a informante, e n\u00e3o um m\u00fasico. A Lei Rouanet n\u00e3o pode ser um mecanismo de nivelar por baixo, ela afirma.<\/p>\n\n\n\n<p>A publica\u00e7\u00e3o da instru\u00e7\u00e3o normativa era esperada h\u00e1 meses por produtores culturais e por gestores de grandes institui\u00e7\u00f5es culturais que usam verba incentivada pela Rouanet.<\/p>\n\n\n\n<p>No decreto do ano passado, o governo incluiu arte sacra entre as \u00e1reas culturais no \u00e2mbito da Rouanet. A arte sacra j\u00e1 podia receber verba incentivada anteriormente \u2013o que a portaria e a instru\u00e7\u00e3o normativa fizeram \u00e9 dar um enfoque maior \u00e0 \u00e1rea.<\/p>\n\n\n\n<p>Arte sacra \u00e9 um g\u00eanero art\u00edstico, assim como arte er\u00f3tica ou natureza morta. Por isso, causou estranheza o fato de um g\u00eanero espec\u00edfico ganhar um segmento s\u00f3 para si dentro da Rouanet, em vez da divis\u00e3o se pautar por linguagens, como artes c\u00eanicas, m\u00fasica, audiovisual et cetera.<\/p>\n\n\n\n<p><em>Fonte: Gil Santos<\/em><\/p>\n\n\n\n<p><em>Com informa\u00e7\u00f5es: Boc\u00e3o News<\/em><\/p>\n","protected":false},"excerpt":{"rendered":"<p>O governo federal publicou no Di\u00e1rio Oficial da Uni\u00e3o desta ter\u00e7a (8) uma instru\u00e7\u00e3o normativa que oficializa uma s\u00e9rie de mudan\u00e7as introduzidas na\u00a0Lei Rouanet\u00a0num decreto do meio do ano passado, como a inclus\u00e3o de arte sacra no \u00e2mbito da lei.<\/p>\n","protected":false},"author":2,"featured_media":31222,"comment_status":"open","ping_status":"open","sticky":false,"template":"","format":"standard","meta":{"om_disable_all_campaigns":false,"_monsterinsights_skip_tracking":false,"_monsterinsights_sitenote_active":false,"_monsterinsights_sitenote_note":"","_monsterinsights_sitenote_category":0,"footnotes":""},"categories":[34,70,69],"tags":[93,249,2545,3746],"class_list":["post-40977","post","type-post","status-publish","format-standard","has-post-thumbnail","hentry","category-brasil","category-destaques","category-noticias2","tag-brasil","tag-governo-federal","tag-lei-rouanet","tag-mario-frias"],"aioseo_notices":[],"_links":{"self":[{"href":"https:\/\/www.portalalerta.com.br\/index.php\/wp-json\/wp\/v2\/posts\/40977","targetHints":{"allow":["GET"]}}],"collection":[{"href":"https:\/\/www.portalalerta.com.br\/index.php\/wp-json\/wp\/v2\/posts"}],"about":[{"href":"https:\/\/www.portalalerta.com.br\/index.php\/wp-json\/wp\/v2\/types\/post"}],"author":[{"embeddable":true,"href":"https:\/\/www.portalalerta.com.br\/index.php\/wp-json\/wp\/v2\/users\/2"}],"replies":[{"embeddable":true,"href":"https:\/\/www.portalalerta.com.br\/index.php\/wp-json\/wp\/v2\/comments?post=40977"}],"version-history":[{"count":1,"href":"https:\/\/www.portalalerta.com.br\/index.php\/wp-json\/wp\/v2\/posts\/40977\/revisions"}],"predecessor-version":[{"id":40978,"href":"https:\/\/www.portalalerta.com.br\/index.php\/wp-json\/wp\/v2\/posts\/40977\/revisions\/40978"}],"wp:featuredmedia":[{"embeddable":true,"href":"https:\/\/www.portalalerta.com.br\/index.php\/wp-json\/wp\/v2\/media\/31222"}],"wp:attachment":[{"href":"https:\/\/www.portalalerta.com.br\/index.php\/wp-json\/wp\/v2\/media?parent=40977"}],"wp:term":[{"taxonomy":"category","embeddable":true,"href":"https:\/\/www.portalalerta.com.br\/index.php\/wp-json\/wp\/v2\/categories?post=40977"},{"taxonomy":"post_tag","embeddable":true,"href":"https:\/\/www.portalalerta.com.br\/index.php\/wp-json\/wp\/v2\/tags?post=40977"}],"curies":[{"name":"wp","href":"https:\/\/api.w.org\/{rel}","templated":true}]}}