{"id":40979,"date":"2022-02-10T07:03:00","date_gmt":"2022-02-10T10:03:00","guid":{"rendered":"https:\/\/www.portalalerta.com.br\/?p=40979"},"modified":"2022-02-09T22:43:47","modified_gmt":"2022-02-10T01:43:47","slug":"homem-e-assassinado-dentro-da-propria-casa-em-jeremoabo-ba","status":"publish","type":"post","link":"https:\/\/www.portalalerta.com.br\/index.php\/2022\/02\/10\/homem-e-assassinado-dentro-da-propria-casa-em-jeremoabo-ba\/","title":{"rendered":"Homem \u00e9 assassinado dentro da pr\u00f3pria casa, em Jeremoabo \u2013 BA"},"content":{"rendered":"\n<p>Um homem foi morto a tiros ap\u00f3s ter a casa invadida por atiradores. O caso aconteceu por volta das 12:20hs desta quarta-feira (09), em\u00a0Jeremoabo \u2013 BA.<\/p>\n\n\n\n<!--more-->\n\n\n\n<p>De acordo com informa\u00e7\u00f5es, a v\u00edtima estava em uma resid\u00eancia, na Rua Amazonas, quando dois homens usando capacetes invadiram o local e efetuaram v\u00e1rios disparos de arma de fogo. A v\u00edtima foi alvejada por cinco tiros e morreu no local. Os criminosos fugiram em uma motocicleta.<\/p>\n\n\n\n<p>O rapaz foi identificado como Gabriel do Nascimento Eug\u00eanio, oriundo da cidade de Coronel Jo\u00e3o S\u00e1 e havia alugado o im\u00f3vel h\u00e1 poucas semanas.<\/p>\n\n\n\n<p>A Pol\u00edcia Militar foi acionada e isolou o local at\u00e9 a chegada do Departamento de Pol\u00edcia T\u00e9cnica \u2013 DPT para realizar a remo\u00e7\u00e3o do corpo e per\u00edcia no local.<\/p>\n\n\n\n<p>Autoria e motiva\u00e7\u00e3o do crime ainda s\u00e3o desconhecidas. O caso ser\u00e1 investigado pela\u00a0Pol\u00edcia Civil.<\/p>\n\n\n\n<p><em>Fonte: Chico Sabe Tudo<\/em><\/p>\n","protected":false},"excerpt":{"rendered":"<p>Um homem foi morto a tiros ap\u00f3s ter a casa invadida por atiradores. O caso aconteceu por volta das 12:20hs desta quarta-feira (09), em\u00a0Jeremoabo \u2013 BA.<\/p>\n","protected":false},"author":2,"featured_media":40980,"comment_status":"open","ping_status":"open","sticky":false,"template":"","format":"standard","meta":{"om_disable_all_campaigns":false,"_monsterinsights_skip_tracking":false,"_monsterinsights_sitenote_active":false,"_monsterinsights_sitenote_note":"","_monsterinsights_sitenote_category":0,"footnotes":""},"categories":[70,9,69,32,22],"tags":[375,206,230,169],"class_list":["post-40979","post","type-post","status-publish","format-standard","has-post-thumbnail","hentry","category-destaques","category-jeremoabo","category-noticias2","category-regiao","category-seguranca","tag-disparos-de-arma-de-fogo","tag-homicidio","tag-jeremoabo","tag-morte"],"aioseo_notices":[],"_links":{"self":[{"href":"https:\/\/www.portalalerta.com.br\/index.php\/wp-json\/wp\/v2\/posts\/40979","targetHints":{"allow":["GET"]}}],"collection":[{"href":"https:\/\/www.portalalerta.com.br\/index.php\/wp-json\/wp\/v2\/posts"}],"about":[{"href":"https:\/\/www.portalalerta.com.br\/index.php\/wp-json\/wp\/v2\/types\/post"}],"author":[{"embeddable":true,"href":"https:\/\/www.portalalerta.com.br\/index.php\/wp-json\/wp\/v2\/users\/2"}],"replies":[{"embeddable":true,"href":"https:\/\/www.portalalerta.com.br\/index.php\/wp-json\/wp\/v2\/comments?post=40979"}],"version-history":[{"count":1,"href":"https:\/\/www.portalalerta.com.br\/index.php\/wp-json\/wp\/v2\/posts\/40979\/revisions"}],"predecessor-version":[{"id":40981,"href":"https:\/\/www.portalalerta.com.br\/index.php\/wp-json\/wp\/v2\/posts\/40979\/revisions\/40981"}],"wp:featuredmedia":[{"embeddable":true,"href":"https:\/\/www.portalalerta.com.br\/index.php\/wp-json\/wp\/v2\/media\/40980"}],"wp:attachment":[{"href":"https:\/\/www.portalalerta.com.br\/index.php\/wp-json\/wp\/v2\/media?parent=40979"}],"wp:term":[{"taxonomy":"category","embeddable":true,"href":"https:\/\/www.portalalerta.com.br\/index.php\/wp-json\/wp\/v2\/categories?post=40979"},{"taxonomy":"post_tag","embeddable":true,"href":"https:\/\/www.portalalerta.com.br\/index.php\/wp-json\/wp\/v2\/tags?post=40979"}],"curies":[{"name":"wp","href":"https:\/\/api.w.org\/{rel}","templated":true}]}}