{"id":40985,"date":"2022-02-11T09:40:28","date_gmt":"2022-02-11T12:40:28","guid":{"rendered":"https:\/\/www.portalalerta.com.br\/?p=40985"},"modified":"2022-02-11T09:40:30","modified_gmt":"2022-02-11T12:40:30","slug":"prefeitura-de-ribeira-do-pombal-ba-chama-a-atencao-para-a-necessidade-de-inscricao-no-garantia-safra-2022","status":"publish","type":"post","link":"https:\/\/www.portalalerta.com.br\/index.php\/2022\/02\/11\/prefeitura-de-ribeira-do-pombal-ba-chama-a-atencao-para-a-necessidade-de-inscricao-no-garantia-safra-2022\/","title":{"rendered":"Prefeitura de Ribeira do Pombal-BA chama a aten\u00e7\u00e3o para a necessidade de inscri\u00e7\u00e3o no Garantia Safra 2022"},"content":{"rendered":"\n<p>A Prefeitura de Ribeira do Pombal-BA est\u00e1 chamando a aten\u00e7\u00e3o dos Agricultores Familiares para a necessidade de fazer inscri\u00e7\u00f5es para o Programa Garantia Safra 2022. Em outros anos essa inscri\u00e7\u00e3o chegou a ser dispensada, por\u00e9m agora \u00e9 obrigat\u00f3ria e o interessado precisa estar com a DAP atualizada.<\/p>\n\n\n\n<!--more-->\n\n\n\n<div class=\"wp-block-image\"><figure class=\"aligncenter size-full\"><img fetchpriority=\"high\" decoding=\"async\" width=\"720\" height=\"181\" src=\"https:\/\/www.portalalerta.com.br\/wp-content\/uploads\/2018\/02\/Auto-Escola-Nobre.jpg\" alt=\"\" class=\"wp-image-4869\" srcset=\"https:\/\/www.portalalerta.com.br\/wp-content\/uploads\/2018\/02\/Auto-Escola-Nobre.jpg 720w, https:\/\/www.portalalerta.com.br\/wp-content\/uploads\/2018\/02\/Auto-Escola-Nobre-260x65.jpg 260w, https:\/\/www.portalalerta.com.br\/wp-content\/uploads\/2018\/02\/Auto-Escola-Nobre-50x13.jpg 50w, https:\/\/www.portalalerta.com.br\/wp-content\/uploads\/2018\/02\/Auto-Escola-Nobre-150x38.jpg 150w\" sizes=\"(max-width: 720px) 100vw, 720px\" \/><\/figure><\/div>\n\n\n\n<p>O novo prazo para as inscri\u00e7\u00f5es \u00e9 22 de fevereiro. Os agricultores podem procurar a sede da Secretaria de Agricultura com a DAP em m\u00e3os e garantir sua participa\u00e7\u00e3o no programa que atende os agricultores familiares no momento de dificuldades, quando h\u00e1 perda de safra por quest\u00f5es naturais.<\/p>\n\n\n\n<p><em>Fonte: SECOM\/ Ribeira do Pombal<\/em><\/p>\n","protected":false},"excerpt":{"rendered":"<p>A Prefeitura de Ribeira do Pombal-BA est\u00e1 chamando a aten\u00e7\u00e3o dos Agricultores Familiares para a necessidade de fazer inscri\u00e7\u00f5es para o Programa Garantia Safra 2022. Em outros anos essa inscri\u00e7\u00e3o chegou a ser dispensada, por\u00e9m agora \u00e9 obrigat\u00f3ria e o interessado precisa estar com a DAP atualizada.<\/p>\n","protected":false},"author":2,"featured_media":35061,"comment_status":"open","ping_status":"open","sticky":false,"template":"","format":"standard","meta":{"om_disable_all_campaigns":false,"_monsterinsights_skip_tracking":false,"_monsterinsights_sitenote_active":false,"_monsterinsights_sitenote_note":"","_monsterinsights_sitenote_category":0,"footnotes":""},"categories":[70,69,32,3],"tags":[949,145,47],"class_list":["post-40985","post","type-post","status-publish","format-standard","has-post-thumbnail","hentry","category-destaques","category-noticias2","category-regiao","category-ribeira-do-pombal","tag-garantia-safra","tag-prefeitura","tag-ribeira-do-pombal"],"aioseo_notices":[],"_links":{"self":[{"href":"https:\/\/www.portalalerta.com.br\/index.php\/wp-json\/wp\/v2\/posts\/40985","targetHints":{"allow":["GET"]}}],"collection":[{"href":"https:\/\/www.portalalerta.com.br\/index.php\/wp-json\/wp\/v2\/posts"}],"about":[{"href":"https:\/\/www.portalalerta.com.br\/index.php\/wp-json\/wp\/v2\/types\/post"}],"author":[{"embeddable":true,"href":"https:\/\/www.portalalerta.com.br\/index.php\/wp-json\/wp\/v2\/users\/2"}],"replies":[{"embeddable":true,"href":"https:\/\/www.portalalerta.com.br\/index.php\/wp-json\/wp\/v2\/comments?post=40985"}],"version-history":[{"count":1,"href":"https:\/\/www.portalalerta.com.br\/index.php\/wp-json\/wp\/v2\/posts\/40985\/revisions"}],"predecessor-version":[{"id":40986,"href":"https:\/\/www.portalalerta.com.br\/index.php\/wp-json\/wp\/v2\/posts\/40985\/revisions\/40986"}],"wp:featuredmedia":[{"embeddable":true,"href":"https:\/\/www.portalalerta.com.br\/index.php\/wp-json\/wp\/v2\/media\/35061"}],"wp:attachment":[{"href":"https:\/\/www.portalalerta.com.br\/index.php\/wp-json\/wp\/v2\/media?parent=40985"}],"wp:term":[{"taxonomy":"category","embeddable":true,"href":"https:\/\/www.portalalerta.com.br\/index.php\/wp-json\/wp\/v2\/categories?post=40985"},{"taxonomy":"post_tag","embeddable":true,"href":"https:\/\/www.portalalerta.com.br\/index.php\/wp-json\/wp\/v2\/tags?post=40985"}],"curies":[{"name":"wp","href":"https:\/\/api.w.org\/{rel}","templated":true}]}}