{"id":40989,"date":"2022-02-11T09:55:27","date_gmt":"2022-02-11T12:55:27","guid":{"rendered":"https:\/\/www.portalalerta.com.br\/?p=40989"},"modified":"2022-02-11T09:55:30","modified_gmt":"2022-02-11T12:55:30","slug":"policia-militar-recupera-mais-um-veiculo-furtado-em-ribeira-do-pombal-ba","status":"publish","type":"post","link":"https:\/\/www.portalalerta.com.br\/index.php\/2022\/02\/11\/policia-militar-recupera-mais-um-veiculo-furtado-em-ribeira-do-pombal-ba\/","title":{"rendered":"Pol\u00edcia militar recupera mais um ve\u00edculo furtado, em Ribeira do Pombal-BA"},"content":{"rendered":"\n<p>No final da manh\u00e3 desta quinta-feira (10), policiais militares do 2\u00ba Pelot\u00e3o\/ Ribeira do Pombal-BA foram solicitados por um homem, que afirmou ter encontrado a sua motocicleta, que tinha sido furtada.<\/p>\n\n\n\n<!--more-->\n\n\n\n<p>Os policiais foram at\u00e9 a Av. Oliveira Brito, centro da cidade, onde encontraram o ve\u00edculo estacionado. Desta forma, aguardaram a chegada do condutor, o surpreendendo quando tentava deixar o local com a moto, uma Yamaha YBR de cor preta.<\/p>\n\n\n\n<p>Ve\u00edculo, autor e v\u00edtima, foram conduzidos e apresentado na Delegacia de Pol\u00edcia Civil da cidade, para a ado\u00e7\u00e3o das medidas cab\u00edveis.<\/p>\n\n\n\n<p><em>Reda\u00e7\u00e3o: Portal Alerta<\/em><\/p>\n","protected":false},"excerpt":{"rendered":"<p>No final da manh\u00e3 desta quinta-feira (10), policiais militares do 2\u00ba Pelot\u00e3o\/ Ribeira do Pombal-BA foram solicitados por um homem, que afirmou ter encontrado a sua motocicleta, que tinha sido furtada.<\/p>\n","protected":false},"author":2,"featured_media":40990,"comment_status":"open","ping_status":"open","sticky":false,"template":"","format":"standard","meta":{"om_disable_all_campaigns":false,"_monsterinsights_skip_tracking":false,"_monsterinsights_sitenote_active":false,"_monsterinsights_sitenote_note":"","_monsterinsights_sitenote_category":0,"footnotes":""},"categories":[70,69,32,3,22],"tags":[1531,79,77,47,2894,102],"class_list":["post-40989","post","type-post","status-publish","format-standard","has-post-thumbnail","hentry","category-destaques","category-noticias2","category-regiao","category-ribeira-do-pombal","category-seguranca","tag-furto-de-moto","tag-policia-militar","tag-preso","tag-ribeira-do-pombal","tag-veiculo-furtado","tag-veiculo-recuperado"],"aioseo_notices":[],"_links":{"self":[{"href":"https:\/\/www.portalalerta.com.br\/index.php\/wp-json\/wp\/v2\/posts\/40989","targetHints":{"allow":["GET"]}}],"collection":[{"href":"https:\/\/www.portalalerta.com.br\/index.php\/wp-json\/wp\/v2\/posts"}],"about":[{"href":"https:\/\/www.portalalerta.com.br\/index.php\/wp-json\/wp\/v2\/types\/post"}],"author":[{"embeddable":true,"href":"https:\/\/www.portalalerta.com.br\/index.php\/wp-json\/wp\/v2\/users\/2"}],"replies":[{"embeddable":true,"href":"https:\/\/www.portalalerta.com.br\/index.php\/wp-json\/wp\/v2\/comments?post=40989"}],"version-history":[{"count":1,"href":"https:\/\/www.portalalerta.com.br\/index.php\/wp-json\/wp\/v2\/posts\/40989\/revisions"}],"predecessor-version":[{"id":40991,"href":"https:\/\/www.portalalerta.com.br\/index.php\/wp-json\/wp\/v2\/posts\/40989\/revisions\/40991"}],"wp:featuredmedia":[{"embeddable":true,"href":"https:\/\/www.portalalerta.com.br\/index.php\/wp-json\/wp\/v2\/media\/40990"}],"wp:attachment":[{"href":"https:\/\/www.portalalerta.com.br\/index.php\/wp-json\/wp\/v2\/media?parent=40989"}],"wp:term":[{"taxonomy":"category","embeddable":true,"href":"https:\/\/www.portalalerta.com.br\/index.php\/wp-json\/wp\/v2\/categories?post=40989"},{"taxonomy":"post_tag","embeddable":true,"href":"https:\/\/www.portalalerta.com.br\/index.php\/wp-json\/wp\/v2\/tags?post=40989"}],"curies":[{"name":"wp","href":"https:\/\/api.w.org\/{rel}","templated":true}]}}