{"id":4099,"date":"2018-01-22T14:29:04","date_gmt":"2018-01-22T16:29:04","guid":{"rendered":"http:\/\/www.portalalerta.com.br\/?p=4099"},"modified":"2018-01-22T14:29:04","modified_gmt":"2018-01-22T16:29:04","slug":"jovem-e-preso-com-arma-de-fogo-em-cicero-dantas-ba","status":"publish","type":"post","link":"https:\/\/www.portalalerta.com.br\/index.php\/2018\/01\/22\/jovem-e-preso-com-arma-de-fogo-em-cicero-dantas-ba\/","title":{"rendered":"Jovem \u00e9 preso com arma de fogo em C\u00edcero Dantas-BA"},"content":{"rendered":"<p style=\"text-align: justify;\">No final da noite de sexta-feira, 19, policiais militares do 3\u00ba Pelot\u00e3o\/ C\u00edcero Dantas-BA, durante a realiza\u00e7\u00e3o da Opera\u00e7\u00e3o Hora de Acolher, no momento em efetuavam Rondas pela Rua Sergipe, no referido munic\u00edpio, visualizaram alguns jovens em situa\u00e7\u00e3o suspeita.<!--more--><\/p>\n<p style=\"text-align: justify;\"><img fetchpriority=\"high\" decoding=\"async\" class=\"size-full wp-image-2873 aligncenter\" src=\"http:\/\/www.portalalerta.com.br\/wp-content\/uploads\/2017\/11\/autoescolanobre-1.jpg\" alt=\"\" width=\"600\" height=\"149\" srcset=\"https:\/\/www.portalalerta.com.br\/wp-content\/uploads\/2017\/11\/autoescolanobre-1.jpg 600w, https:\/\/www.portalalerta.com.br\/wp-content\/uploads\/2017\/11\/autoescolanobre-1-260x65.jpg 260w, https:\/\/www.portalalerta.com.br\/wp-content\/uploads\/2017\/11\/autoescolanobre-1-50x12.jpg 50w, https:\/\/www.portalalerta.com.br\/wp-content\/uploads\/2017\/11\/autoescolanobre-1-150x37.jpg 150w\" sizes=\"(max-width: 600px) 100vw, 600px\" \/>Durante a abordagem ao grupo, um jovem identificado como Givaldo Jesus Santana, 24 anos, foi flagrado portando uma garrucha cal. 38, contendo duas muni\u00e7\u00f5es intactas.<\/p>\n<p style=\"text-align: justify;\">Tanto Givaldo, quanto a arma de fogo, foram conduzidos para a Central de Flagrantes, em Ribeira do Pombal, onde foram apresentados ao Delegado Plantonista, pela pr\u00e1tica de porte ilegal de arma de fogo.<\/p>\n<figure id=\"attachment_4100\" aria-describedby=\"caption-attachment-4100\" style=\"width: 550px\" class=\"wp-caption aligncenter\"><img decoding=\"async\" class=\"size-full wp-image-4100\" src=\"http:\/\/www.portalalerta.com.br\/wp-content\/uploads\/2018\/01\/Givaldo-Jesus-Santana.jpg\" alt=\"\" width=\"550\" height=\"400\" srcset=\"https:\/\/www.portalalerta.com.br\/wp-content\/uploads\/2018\/01\/Givaldo-Jesus-Santana.jpg 550w, https:\/\/www.portalalerta.com.br\/wp-content\/uploads\/2018\/01\/Givaldo-Jesus-Santana-330x240.jpg 330w, https:\/\/www.portalalerta.com.br\/wp-content\/uploads\/2018\/01\/Givaldo-Jesus-Santana-201x146.jpg 201w, https:\/\/www.portalalerta.com.br\/wp-content\/uploads\/2018\/01\/Givaldo-Jesus-Santana-50x36.jpg 50w, https:\/\/www.portalalerta.com.br\/wp-content\/uploads\/2018\/01\/Givaldo-Jesus-Santana-103x75.jpg 103w\" sizes=\"(max-width: 550px) 100vw, 550px\" \/><figcaption id=\"caption-attachment-4100\" class=\"wp-caption-text\">Givaldo foi flagrado portando arma de fogo, em C\u00edcero Dantas-BA<\/figcaption><\/figure>\n<p style=\"text-align: justify;\"><a href=\"http:\/\/www.facebook.com.br\/pombalalerta\"><strong>Curta nossa p\u00e1gina no facebook, e continue atualizado sobre tudo o que acontece em sua cidade!<\/strong><\/a><\/p>\n<p style=\"text-align: justify;\"><a href=\"https:\/\/play.google.com\/store\/apps\/details?id=com.globalstore.pombalalerta&amp;hl=pt_BR\"><strong>Baixe o nosso aplicativo, e fique de olho na not\u00edcia!<\/strong><\/a><\/p>\n<p style=\"text-align: justify;\"><em>Reda\u00e7\u00e3o: Portal Alerta<\/em><\/p>\n","protected":false},"excerpt":{"rendered":"<p>No final da noite de sexta-feira, 19, policiais militares do 3\u00ba Pelot\u00e3o\/ C\u00edcero Dantas-BA, durante a realiza\u00e7\u00e3o da Opera\u00e7\u00e3o Hora de Acolher, no momento em efetuavam Rondas pela Rua Sergipe, no referido munic\u00edpio, visualizaram alguns jovens em situa\u00e7\u00e3o suspeita.<\/p>\n","protected":false},"author":2,"featured_media":4101,"comment_status":"closed","ping_status":"open","sticky":false,"template":"","format":"standard","meta":{"om_disable_all_campaigns":false,"_monsterinsights_skip_tracking":false,"_monsterinsights_sitenote_active":false,"_monsterinsights_sitenote_note":"","_monsterinsights_sitenote_category":0,"footnotes":""},"categories":[4,70,69,32,22],"tags":[78,75,79,83,77],"class_list":["post-4099","post","type-post","status-publish","format-standard","has-post-thumbnail","hentry","category-cicero-dantas","category-destaques","category-noticias2","category-regiao","category-seguranca","tag-3o-pelotao","tag-cicero-dantas","tag-policia-militar","tag-porte-ilegal-de-arma-de-fogo","tag-preso"],"aioseo_notices":[],"_links":{"self":[{"href":"https:\/\/www.portalalerta.com.br\/index.php\/wp-json\/wp\/v2\/posts\/4099","targetHints":{"allow":["GET"]}}],"collection":[{"href":"https:\/\/www.portalalerta.com.br\/index.php\/wp-json\/wp\/v2\/posts"}],"about":[{"href":"https:\/\/www.portalalerta.com.br\/index.php\/wp-json\/wp\/v2\/types\/post"}],"author":[{"embeddable":true,"href":"https:\/\/www.portalalerta.com.br\/index.php\/wp-json\/wp\/v2\/users\/2"}],"replies":[{"embeddable":true,"href":"https:\/\/www.portalalerta.com.br\/index.php\/wp-json\/wp\/v2\/comments?post=4099"}],"version-history":[{"count":0,"href":"https:\/\/www.portalalerta.com.br\/index.php\/wp-json\/wp\/v2\/posts\/4099\/revisions"}],"wp:featuredmedia":[{"embeddable":true,"href":"https:\/\/www.portalalerta.com.br\/index.php\/wp-json\/wp\/v2\/media\/4101"}],"wp:attachment":[{"href":"https:\/\/www.portalalerta.com.br\/index.php\/wp-json\/wp\/v2\/media?parent=4099"}],"wp:term":[{"taxonomy":"category","embeddable":true,"href":"https:\/\/www.portalalerta.com.br\/index.php\/wp-json\/wp\/v2\/categories?post=4099"},{"taxonomy":"post_tag","embeddable":true,"href":"https:\/\/www.portalalerta.com.br\/index.php\/wp-json\/wp\/v2\/tags?post=4099"}],"curies":[{"name":"wp","href":"https:\/\/api.w.org\/{rel}","templated":true}]}}