{"id":40992,"date":"2022-02-11T15:57:49","date_gmt":"2022-02-11T18:57:49","guid":{"rendered":"https:\/\/www.portalalerta.com.br\/?p=40992"},"modified":"2022-02-11T15:57:51","modified_gmt":"2022-02-11T18:57:51","slug":"tribunal-de-haia-recebe-relatorio-final-da-cpi-da-covid-contra-bolsonaro","status":"publish","type":"post","link":"https:\/\/www.portalalerta.com.br\/index.php\/2022\/02\/11\/tribunal-de-haia-recebe-relatorio-final-da-cpi-da-covid-contra-bolsonaro\/","title":{"rendered":"Tribunal de Haia recebe relat\u00f3rio final da CPI da Covid contra Bolsonaro"},"content":{"rendered":"\n<p>O Tribunal Penal Internacional (TPI), em Haia, na Holanda, afirmou na quarta-feira (9) o recebimento do relat\u00f3rio final da Comiss\u00e3o Parlamentar de Inqu\u00e9rito (CPI) da Covid, que investigou a condu\u00e7\u00e3o do Executivo federal na pandemia do coronav\u00edrus no pa\u00eds.<\/p>\n\n\n\n<!--more-->\n\n\n\n<p>Bolsonaro foi acusado do cometimento de nove crimes durante pandemia da covid-19, de acordo com o relat\u00f3rio da comiss\u00e3o aprovado em outubro do ano passado pelo ent\u00e3o relator Renan Calheiros (MDB-AL).<\/p>\n\n\n\n<p>O relat\u00f3rio apresentado pelo senador Renan Calheiros pedia o indiciamento de Bolsonaro pelos seguintes crimes:<\/p>\n\n\n\n<div class=\"wp-block-image\"><figure class=\"alignleft size-full is-resized\"><img fetchpriority=\"high\" decoding=\"async\" src=\"https:\/\/www.portalalerta.com.br\/wp-content\/uploads\/2021\/04\/ELAB.jpg\" alt=\"\" class=\"wp-image-34795\" width=\"364\" height=\"290\" srcset=\"https:\/\/www.portalalerta.com.br\/wp-content\/uploads\/2021\/04\/ELAB.jpg 1000w, https:\/\/www.portalalerta.com.br\/wp-content\/uploads\/2021\/04\/ELAB-300x240.jpg 300w, https:\/\/www.portalalerta.com.br\/wp-content\/uploads\/2021\/04\/ELAB-768x614.jpg 768w, https:\/\/www.portalalerta.com.br\/wp-content\/uploads\/2021\/04\/ELAB-183x146.jpg 183w, https:\/\/www.portalalerta.com.br\/wp-content\/uploads\/2021\/04\/ELAB-50x40.jpg 50w, https:\/\/www.portalalerta.com.br\/wp-content\/uploads\/2021\/04\/ELAB-94x75.jpg 94w\" sizes=\"(max-width: 364px) 100vw, 364px\" \/><\/figure><\/div>\n\n\n\n<ul class=\"wp-block-list\"><li>epidemia com resultado morte;<\/li><li>infra\u00e7\u00e3o de medida sanit\u00e1ria preventiva;<\/li><li>charlatanismo;<\/li><li>incita\u00e7\u00e3o ao crime;<\/li><li>falsifica\u00e7\u00e3o de documento particular;<\/li><li>emprego irregular de verbas p\u00fablicas;<\/li><li>prevarica\u00e7\u00e3o;<\/li><li>crimes contra a humanidade;<\/li><li>crimes de responsabilidade (viola\u00e7\u00e3o de direito social e incompatibilidade com dignidade, honra e decoro do cargo).<\/li><\/ul>\n\n\n\n<p>Al\u00e9m de Bolsonaro, a CPI, que durou seis meses, tamb\u00e9m pediu o indiciamento de diversas pessoas, entre elas ministros e ex-ministros do governo, como o chefe do Minist\u00e9rio da Sa\u00fade, Marcelo Queiroga, e o ex-comandante da pasta Eduardo Pazuello.<\/p>\n\n\n\n<p>No Twitter, Calheiros comemorou a chegada dos documentos na corte internacional. <strong><em>\u201cMais um importante passo para punir os respons\u00e1veis pelo mortic\u00ednio da Pandemia no Brasil. O Tribunal Penal Internacional recebeu o relat\u00f3rio com a den\u00fancia derivada do relat\u00f3rio da CPI e vai investigar Jair Bolsonaro por crimes contra a humanidade entre outros\u201d<\/em><\/strong>, declarou ele.<\/p>\n\n\n\n<p>Mais um importante passo para punir os respons\u00e1veis pelo mortic\u00ednio da Pandemia no Brasil. O Tribunal Penal Internacional recebeu o relat\u00f3rio com a den\u00fancia derivada do relat\u00f3rio da CPI e vai investigar Jair Bolsonaro por crimes contra a humanidade entre outros.<\/p>\n\n\n\n<p>\u2014 Renan Calheiros (@renancalheiros)&nbsp;<a href=\"https:\/\/twitter.com\/renancalheiros\/status\/1491577920489410567?ref_src=twsrc%5Etfw\" target=\"_blank\" rel=\"noreferrer noopener\">February 10, 2022<\/a><\/p>\n\n\n\n<p>O senador Ranfolfe Rodrigues (Rede-AP), que foi vice-presidente da comiss\u00e3o, disse que esse <strong><em>\u201c\u00e9 mais um passo fundamental no combate \u00e0 impunidade.\u201d<\/em><\/strong><\/p>\n\n\n\n<p>URGENTE! O Tribunal Penal Internacional (TPI) em Haia, acaba de confirmar o recebimento do relat\u00f3rio da CPI da Covid. \u00c9 mais um passo fundamental no combate \u00e0 impunidade. O nosso trabalho continua, n\u00e3o iremos descansar at\u00e9 que a JUSTI\u00c7A seja feita!<a href=\"https:\/\/t.co\/LxZMZTAgg7\" target=\"_blank\" rel=\"noreferrer noopener\">https:\/\/t.co\/LxZMZTAgg7<\/a><\/p>\n\n\n\n<p>\u2014 Randolfe Rodrigues \ud83d\udc89\ud83d\udc53 (@randolfeap)&nbsp;<a href=\"https:\/\/twitter.com\/randolfeap\/status\/1491537079154753537?ref_src=twsrc%5Etfw\" target=\"_blank\" rel=\"noreferrer noopener\">February 9, 2022<\/a><\/p>\n\n\n\n<p>O tribunal \u00e9 respons\u00e1vel por julgar pessoas que cometem crimes de alcance internacional, como os de genoc\u00eddio, de guerra e contra a humanidade.<\/p>\n\n\n\n<p>Agora, o Tribunal de Haia deve avaliar se dar\u00e1 ou n\u00e3o andamento \u00e0s investiga\u00e7\u00f5es.<\/p>\n\n\n\n<p><em>Fonte: Yahoo Not\u00edcias<\/em><\/p>\n","protected":false},"excerpt":{"rendered":"<p>O Tribunal Penal Internacional (TPI), em Haia, na Holanda, afirmou na quarta-feira (9) o recebimento do relat\u00f3rio final da Comiss\u00e3o Parlamentar de Inqu\u00e9rito (CPI) da Covid, que investigou a condu\u00e7\u00e3o do Executivo federal na pandemia do coronav\u00edrus no pa\u00eds.<\/p>\n","protected":false},"author":2,"featured_media":32720,"comment_status":"open","ping_status":"open","sticky":false,"template":"","format":"standard","meta":{"om_disable_all_campaigns":false,"_monsterinsights_skip_tracking":false,"_monsterinsights_sitenote_active":false,"_monsterinsights_sitenote_note":"","_monsterinsights_sitenote_category":0,"footnotes":""},"categories":[34,70,35,69,21,19],"tags":[93,3429,3486,721,1395,339,5236],"class_list":["post-40992","post","type-post","status-publish","format-standard","has-post-thumbnail","hentry","category-brasil","category-destaques","category-mundo","category-noticias2","category-politica","category-saude","tag-brasil","tag-coronavirus","tag-covid-19","tag-cpi","tag-jair-bolsonaro","tag-mundo","tag-tribunal-de-haia"],"aioseo_notices":[],"_links":{"self":[{"href":"https:\/\/www.portalalerta.com.br\/index.php\/wp-json\/wp\/v2\/posts\/40992","targetHints":{"allow":["GET"]}}],"collection":[{"href":"https:\/\/www.portalalerta.com.br\/index.php\/wp-json\/wp\/v2\/posts"}],"about":[{"href":"https:\/\/www.portalalerta.com.br\/index.php\/wp-json\/wp\/v2\/types\/post"}],"author":[{"embeddable":true,"href":"https:\/\/www.portalalerta.com.br\/index.php\/wp-json\/wp\/v2\/users\/2"}],"replies":[{"embeddable":true,"href":"https:\/\/www.portalalerta.com.br\/index.php\/wp-json\/wp\/v2\/comments?post=40992"}],"version-history":[{"count":1,"href":"https:\/\/www.portalalerta.com.br\/index.php\/wp-json\/wp\/v2\/posts\/40992\/revisions"}],"predecessor-version":[{"id":40993,"href":"https:\/\/www.portalalerta.com.br\/index.php\/wp-json\/wp\/v2\/posts\/40992\/revisions\/40993"}],"wp:featuredmedia":[{"embeddable":true,"href":"https:\/\/www.portalalerta.com.br\/index.php\/wp-json\/wp\/v2\/media\/32720"}],"wp:attachment":[{"href":"https:\/\/www.portalalerta.com.br\/index.php\/wp-json\/wp\/v2\/media?parent=40992"}],"wp:term":[{"taxonomy":"category","embeddable":true,"href":"https:\/\/www.portalalerta.com.br\/index.php\/wp-json\/wp\/v2\/categories?post=40992"},{"taxonomy":"post_tag","embeddable":true,"href":"https:\/\/www.portalalerta.com.br\/index.php\/wp-json\/wp\/v2\/tags?post=40992"}],"curies":[{"name":"wp","href":"https:\/\/api.w.org\/{rel}","templated":true}]}}