{"id":40999,"date":"2022-02-11T19:34:11","date_gmt":"2022-02-11T22:34:11","guid":{"rendered":"https:\/\/www.portalalerta.com.br\/?p=40999"},"modified":"2022-02-11T19:34:13","modified_gmt":"2022-02-11T22:34:13","slug":"alunas-do-colegio-central-em-ribeira-do-pombal-ba-tiram-940-pontos-na-redacao-do-enem","status":"publish","type":"post","link":"https:\/\/www.portalalerta.com.br\/index.php\/2022\/02\/11\/alunas-do-colegio-central-em-ribeira-do-pombal-ba-tiram-940-pontos-na-redacao-do-enem\/","title":{"rendered":"Alunas do Col\u00e9gio Central em Ribeira do Pombal-BA, tiram 940 pontos na Reda\u00e7\u00e3o do ENEM"},"content":{"rendered":"\n<p>\u201cInvisibilidade e registro Civil: garantia de acesso \u00e0 cidadania no Brasil\u201d, este foi o tema da Reda\u00e7\u00e3o do ENEM (Exame Nacional do Ensino M\u00e9dio). Foi assim que duas pombalenses alcan\u00e7aram 94% dos pontos poss\u00edveis na avalia\u00e7\u00e3o em quest\u00e3o.<\/p>\n\n\n\n<!--more-->\n\n\n\n<p>Emille Bittencourt e Evelin Beatriz s\u00e3o concluintes do Ensino M\u00e9dio, do Col\u00e9gio Central de Ribeira do Pombal-BA, institui\u00e7\u00e3o da Rede Estadual de Ensino. As jovens estiveram no Est\u00fadio da Canabrava FM, nesta sexta-feira (11), num bate-papo descontra\u00eddo no programa EXPRESSO 104, que abordou este feito. Com o sonho de se tornarem advogada e odont\u00f3loga, as garotas relataram a respeito das dificuldades encontradas durante a pandemia, para permanecerem focadas nos estudos, mas tamb\u00e9m ressaltaram a import\u00e2ncia da base durante o aprendizado no ambiente escolar ou fora dele. <strong><em>\u201ca equipe sensacional de professores que temos, principalmente agora no 3\u00ba ano, deu todo apoio (suporte), n\u00e3o somente em rela\u00e7\u00e3o aos conte\u00fados, mas emocional tamb\u00e9m, porque sabemos que foi um per\u00edodo muito tenso, cheio de incertezas&#8230;\u201d<\/em><\/strong> afirmou Evelin Beatriz, ao se referir ao per\u00edodo em que esteve longe da escola, por conta da pandemia por Covid-19. <strong>Veja o bate papo na \u00edntegra:<\/strong><\/p>\n\n\n\n<iframe src=\"https:\/\/www.facebook.com\/plugins\/video.php?height=314&#038;href=https%3A%2F%2Fwww.facebook.com%2Fpombalalerta%2Fvideos%2F347651397226569%2F&#038;show_text=false&#038;width=560&#038;t=746\" width=\"560\" height=\"314\" style=\"border:none;overflow:hidden\" scrolling=\"no\" frameborder=\"0\" allowfullscreen=\"true\" allow=\"autoplay; clipboard-write; encrypted-media; picture-in-picture; web-share\" allowFullScreen=\"true\"><\/iframe>\n\n\n\n<figure class=\"wp-block-image size-full\"><img fetchpriority=\"high\" decoding=\"async\" width=\"827\" height=\"630\" src=\"https:\/\/www.portalalerta.com.br\/wp-content\/uploads\/2022\/02\/940-pontos-na-redacao.jpg\" alt=\"\" class=\"wp-image-41000\" srcset=\"https:\/\/www.portalalerta.com.br\/wp-content\/uploads\/2022\/02\/940-pontos-na-redacao.jpg 827w, https:\/\/www.portalalerta.com.br\/wp-content\/uploads\/2022\/02\/940-pontos-na-redacao-315x240.jpg 315w, https:\/\/www.portalalerta.com.br\/wp-content\/uploads\/2022\/02\/940-pontos-na-redacao-768x585.jpg 768w, https:\/\/www.portalalerta.com.br\/wp-content\/uploads\/2022\/02\/940-pontos-na-redacao-192x146.jpg 192w, https:\/\/www.portalalerta.com.br\/wp-content\/uploads\/2022\/02\/940-pontos-na-redacao-50x38.jpg 50w, https:\/\/www.portalalerta.com.br\/wp-content\/uploads\/2022\/02\/940-pontos-na-redacao-98x75.jpg 98w\" sizes=\"(max-width: 827px) 100vw, 827px\" \/><figcaption>Alunas do Col\u00e9gio Central, tiraram 940 pontos na Reda\u00e7\u00e3o do ENEM<\/figcaption><\/figure>\n\n\n\n<p>Na ocasi\u00e3o, a Professora Jussara afirmou que outras duas alunas, Mellanie Santos e Marcelly Xavier, tamb\u00e9m do Col\u00e9gio Central, tiveram suas reda\u00e7\u00f5es muito bem avaliadas no mesmo exame, em que ambas alcan\u00e7aram a nota 900.<\/p>\n\n\n\n<figure class=\"wp-block-image size-full\"><img decoding=\"async\" width=\"827\" height=\"630\" src=\"https:\/\/www.portalalerta.com.br\/wp-content\/uploads\/2022\/02\/900-pontos-na-redacao.jpg\" alt=\"\" class=\"wp-image-41001\" srcset=\"https:\/\/www.portalalerta.com.br\/wp-content\/uploads\/2022\/02\/900-pontos-na-redacao.jpg 827w, https:\/\/www.portalalerta.com.br\/wp-content\/uploads\/2022\/02\/900-pontos-na-redacao-315x240.jpg 315w, https:\/\/www.portalalerta.com.br\/wp-content\/uploads\/2022\/02\/900-pontos-na-redacao-768x585.jpg 768w, https:\/\/www.portalalerta.com.br\/wp-content\/uploads\/2022\/02\/900-pontos-na-redacao-192x146.jpg 192w, https:\/\/www.portalalerta.com.br\/wp-content\/uploads\/2022\/02\/900-pontos-na-redacao-50x38.jpg 50w, https:\/\/www.portalalerta.com.br\/wp-content\/uploads\/2022\/02\/900-pontos-na-redacao-98x75.jpg 98w\" sizes=\"(max-width: 827px) 100vw, 827px\" \/><figcaption>Alunas do Col\u00e9gio Central, tiraram 900 pontos na Reda\u00e7\u00e3o do ENEM<\/figcaption><\/figure>\n\n\n\n<p><em>Reda\u00e7\u00e3o: Portal Alerta<\/em><\/p>\n","protected":false},"excerpt":{"rendered":"<p>\u201cInvisibilidade e registro Civil: garantia de acesso \u00e0 cidadania no Brasil\u201d, este foi o tema da Reda\u00e7\u00e3o do ENEM (Exame Nacional do Ensino M\u00e9dio). Foi assim que duas pombalenses alcan\u00e7aram 94% dos pontos poss\u00edveis na avalia\u00e7\u00e3o em quest\u00e3o.<\/p>\n","protected":false},"author":2,"featured_media":41003,"comment_status":"open","ping_status":"open","sticky":false,"template":"","format":"standard","meta":{"om_disable_all_campaigns":false,"_monsterinsights_skip_tracking":false,"_monsterinsights_sitenote_active":false,"_monsterinsights_sitenote_note":"","_monsterinsights_sitenote_category":0,"footnotes":""},"categories":[70,20,69,32,3,68],"tags":[4796,220,1782,47],"class_list":["post-40999","post","type-post","status-publish","format-standard","has-post-thumbnail","hentry","category-destaques","category-educacao","category-noticias2","category-regiao","category-ribeira-do-pombal","category-videos","tag-colegio-central","tag-enem","tag-redacao","tag-ribeira-do-pombal"],"aioseo_notices":[],"_links":{"self":[{"href":"https:\/\/www.portalalerta.com.br\/index.php\/wp-json\/wp\/v2\/posts\/40999","targetHints":{"allow":["GET"]}}],"collection":[{"href":"https:\/\/www.portalalerta.com.br\/index.php\/wp-json\/wp\/v2\/posts"}],"about":[{"href":"https:\/\/www.portalalerta.com.br\/index.php\/wp-json\/wp\/v2\/types\/post"}],"author":[{"embeddable":true,"href":"https:\/\/www.portalalerta.com.br\/index.php\/wp-json\/wp\/v2\/users\/2"}],"replies":[{"embeddable":true,"href":"https:\/\/www.portalalerta.com.br\/index.php\/wp-json\/wp\/v2\/comments?post=40999"}],"version-history":[{"count":1,"href":"https:\/\/www.portalalerta.com.br\/index.php\/wp-json\/wp\/v2\/posts\/40999\/revisions"}],"predecessor-version":[{"id":41004,"href":"https:\/\/www.portalalerta.com.br\/index.php\/wp-json\/wp\/v2\/posts\/40999\/revisions\/41004"}],"wp:featuredmedia":[{"embeddable":true,"href":"https:\/\/www.portalalerta.com.br\/index.php\/wp-json\/wp\/v2\/media\/41003"}],"wp:attachment":[{"href":"https:\/\/www.portalalerta.com.br\/index.php\/wp-json\/wp\/v2\/media?parent=40999"}],"wp:term":[{"taxonomy":"category","embeddable":true,"href":"https:\/\/www.portalalerta.com.br\/index.php\/wp-json\/wp\/v2\/categories?post=40999"},{"taxonomy":"post_tag","embeddable":true,"href":"https:\/\/www.portalalerta.com.br\/index.php\/wp-json\/wp\/v2\/tags?post=40999"}],"curies":[{"name":"wp","href":"https:\/\/api.w.org\/{rel}","templated":true}]}}