{"id":41005,"date":"2022-02-12T20:48:45","date_gmt":"2022-02-12T23:48:45","guid":{"rendered":"https:\/\/www.portalalerta.com.br\/?p=41005"},"modified":"2022-02-12T20:48:47","modified_gmt":"2022-02-12T23:48:47","slug":"coelba-anuncia-inversao-da-posicao-e-ampliacao-do-espaco-da-fiacao-para-evitar-morte-de-aves-em-euclides-da-cunha-e-jeremoabo","status":"publish","type":"post","link":"https:\/\/www.portalalerta.com.br\/index.php\/2022\/02\/12\/coelba-anuncia-inversao-da-posicao-e-ampliacao-do-espaco-da-fiacao-para-evitar-morte-de-aves-em-euclides-da-cunha-e-jeremoabo\/","title":{"rendered":"Coelba anuncia invers\u00e3o da posi\u00e7\u00e3o e amplia\u00e7\u00e3o do espa\u00e7o da fia\u00e7\u00e3o para evitar morte de aves em Euclides da Cunha e Jeremoabo"},"content":{"rendered":"\n<p>A Neonergia Coelba iniciou as mudan\u00e7as na rede de energia el\u00e9trica da regi\u00e3o da Caatinga, na Bahia, ap\u00f3s ser acionada pelo Minist\u00e9rio P\u00fablico (MP-BA), que registrou a mortandade de pelo menos 50 araras-azuis-de-lear, uma esp\u00e9cie rara e amea\u00e7ada de extin\u00e7\u00e3o. Um inqu\u00e9rito foi instaurado para apurar den\u00fancias de que as mortes das aves foram provocadas por choque el\u00e9trico, nos fios da rede de energia, em munic\u00edpios baianos como Euclides da Cunha e Jeremoabo.<\/p>\n\n\n\n<!--more-->\n\n\n\n<p>Segundo a Coelba, respons\u00e1vel pelo fornecimento de energia el\u00e9trica, foi feita a invers\u00e3o da posi\u00e7\u00e3o da fia\u00e7\u00e3o e amplia\u00e7\u00e3o do espa\u00e7o entre os fios dos postes. As medidas reduzem as possibilidades do contato das aves com a rede el\u00e9trica o que, consequentemente, deixa de provocar os curtos-circuitos, al\u00e9m da diminui\u00e7\u00e3o de choques e novas mortes.<br><br><strong><em>&#8220;A redisposi\u00e7\u00e3o de algumas estruturas el\u00e9tricas, faz com que algumas fases estejam niveladas acima para criar uma esp\u00e9cie de tri\u00e2ngulo e assim, quando a ave fizer a abertura das asas n\u00e3o tenha contato [com o fio]&#8221;<\/em><\/strong>, explica o superintende de opera\u00e7\u00f5es da Coelba, Leonardo Alves Santana.<\/p>\n\n\n\n<div class=\"wp-block-image\"><figure class=\"alignleft size-full is-resized\"><img fetchpriority=\"high\" decoding=\"async\" src=\"https:\/\/www.portalalerta.com.br\/wp-content\/uploads\/2021\/04\/ELAB.jpg\" alt=\"\" class=\"wp-image-34795\" width=\"377\" height=\"301\" srcset=\"https:\/\/www.portalalerta.com.br\/wp-content\/uploads\/2021\/04\/ELAB.jpg 1000w, https:\/\/www.portalalerta.com.br\/wp-content\/uploads\/2021\/04\/ELAB-300x240.jpg 300w, https:\/\/www.portalalerta.com.br\/wp-content\/uploads\/2021\/04\/ELAB-768x614.jpg 768w, https:\/\/www.portalalerta.com.br\/wp-content\/uploads\/2021\/04\/ELAB-183x146.jpg 183w, https:\/\/www.portalalerta.com.br\/wp-content\/uploads\/2021\/04\/ELAB-50x40.jpg 50w, https:\/\/www.portalalerta.com.br\/wp-content\/uploads\/2021\/04\/ELAB-94x75.jpg 94w\" sizes=\"(max-width: 377px) 100vw, 377px\" \/><\/figure><\/div>\n\n\n\n<p>Os grupos de araras chegam a percorrer de 80 a 100 quil\u00f4metros por dia de uma \u00e1rea grande da Caatinga, que passa por pelo menos cinco cidades baianas. A \u00fanica regi\u00e3o no mundo onde essas araras s\u00e3o encontradas. Paulo Afonso, Santa Br\u00edgida, Euclides da Cunha, Monte Santo, Sento S\u00e9 e Campo Formoso, nas regi\u00f5es norte e nordeste da Bahia, s\u00e3o as cidades onde h\u00e1 maior incid\u00eancia da arara-azul-de-lear.<br><br>Desafios, preserva\u00e7\u00e3o e investiga\u00e7\u00e3o &#8211; Salvar a arara e distribuir energia el\u00e9trica passou a ser um desafio que envolve muita gente. Uma das preocupa\u00e7\u00f5es de ambientalistas \u00e9 com a reprodu\u00e7\u00e3o. Depois de trabalhos de pesquisa, conscientiza\u00e7\u00e3o e preserva\u00e7\u00e3o, a popula\u00e7\u00e3o de araras-azuis aumentou nos \u00faltimos anos mas, agora, esse crescimento pode estar amea\u00e7ado.<br><br>Especialistas alertam que como essas aves s\u00f3 existem em algumas cidades baianas e ainda s\u00e3o poucas na natureza, cerca de 1.500, qualquer animal que se perde \u00e9 uma preocupa\u00e7\u00e3o para conserva\u00e7\u00e3o.<strong><em> &#8220;As araras n\u00e3o v\u00e3o parar de pousar na rede el\u00e9trica porque ela usa como descanso no meio do percurso. A\u00ed essa rede precisa de prote\u00e7\u00e3o para que n\u00e3o haja choque&#8221;<\/em><\/strong>, conta Marlene Reis, secret\u00e1ria da Associa\u00e7\u00e3o Araras-Azuis-de-Lear.<br><br>Elas se alimentam basicamente de licuri e os deslocamentos na regi\u00e3o podem ter 60 km de dist\u00e2ncia em busca de alimentos. O que, com poucas \u00e1rvores na regi\u00e3o, propicia o pouso em fia\u00e7\u00e3o da rede el\u00e9trica.<\/p>\n\n\n\n<p><em>Fonte: Cleriston Silva<\/em><\/p>\n","protected":false},"excerpt":{"rendered":"<p>A Neonergia Coelba iniciou as mudan\u00e7as na rede de energia el\u00e9trica da regi\u00e3o da Caatinga, na Bahia, ap\u00f3s ser acionada pelo Minist\u00e9rio P\u00fablico (MP-BA), que registrou a mortandade de pelo menos 50 araras-azuis-de-lear, uma esp\u00e9cie rara e amea\u00e7ada de extin\u00e7\u00e3o. Um inqu\u00e9rito foi instaurado para apurar den\u00fancias de que as mortes das aves foram provocadas &hellip;<\/p>\n","protected":false},"author":2,"featured_media":35774,"comment_status":"open","ping_status":"open","sticky":false,"template":"","format":"standard","meta":{"om_disable_all_campaigns":false,"_monsterinsights_skip_tracking":false,"_monsterinsights_sitenote_active":false,"_monsterinsights_sitenote_note":"","_monsterinsights_sitenote_category":0,"footnotes":""},"categories":[70,17,9,69,32],"tags":[4566,54,855,129,230],"class_list":["post-41005","post","type-post","status-publish","format-standard","has-post-thumbnail","hentry","category-destaques","category-euclides-da-cunha","category-jeremoabo","category-noticias2","category-regiao","tag-arara-azul","tag-bahia","tag-coelba","tag-euclides-da-cunha","tag-jeremoabo"],"aioseo_notices":[],"_links":{"self":[{"href":"https:\/\/www.portalalerta.com.br\/index.php\/wp-json\/wp\/v2\/posts\/41005","targetHints":{"allow":["GET"]}}],"collection":[{"href":"https:\/\/www.portalalerta.com.br\/index.php\/wp-json\/wp\/v2\/posts"}],"about":[{"href":"https:\/\/www.portalalerta.com.br\/index.php\/wp-json\/wp\/v2\/types\/post"}],"author":[{"embeddable":true,"href":"https:\/\/www.portalalerta.com.br\/index.php\/wp-json\/wp\/v2\/users\/2"}],"replies":[{"embeddable":true,"href":"https:\/\/www.portalalerta.com.br\/index.php\/wp-json\/wp\/v2\/comments?post=41005"}],"version-history":[{"count":1,"href":"https:\/\/www.portalalerta.com.br\/index.php\/wp-json\/wp\/v2\/posts\/41005\/revisions"}],"predecessor-version":[{"id":41006,"href":"https:\/\/www.portalalerta.com.br\/index.php\/wp-json\/wp\/v2\/posts\/41005\/revisions\/41006"}],"wp:featuredmedia":[{"embeddable":true,"href":"https:\/\/www.portalalerta.com.br\/index.php\/wp-json\/wp\/v2\/media\/35774"}],"wp:attachment":[{"href":"https:\/\/www.portalalerta.com.br\/index.php\/wp-json\/wp\/v2\/media?parent=41005"}],"wp:term":[{"taxonomy":"category","embeddable":true,"href":"https:\/\/www.portalalerta.com.br\/index.php\/wp-json\/wp\/v2\/categories?post=41005"},{"taxonomy":"post_tag","embeddable":true,"href":"https:\/\/www.portalalerta.com.br\/index.php\/wp-json\/wp\/v2\/tags?post=41005"}],"curies":[{"name":"wp","href":"https:\/\/api.w.org\/{rel}","templated":true}]}}