{"id":41007,"date":"2022-02-12T20:54:45","date_gmt":"2022-02-12T23:54:45","guid":{"rendered":"https:\/\/www.portalalerta.com.br\/?p=41007"},"modified":"2022-02-12T20:54:46","modified_gmt":"2022-02-12T23:54:46","slug":"a-questao-da-vacina-gerou-um-desgaste-para-o-presidente-diz-flavio-bolsonaro","status":"publish","type":"post","link":"https:\/\/www.portalalerta.com.br\/index.php\/2022\/02\/12\/a-questao-da-vacina-gerou-um-desgaste-para-o-presidente-diz-flavio-bolsonaro\/","title":{"rendered":"\u2018A quest\u00e3o da vacina gerou um desgaste para o presidente\u2019, diz Fl\u00e1vio Bolsonaro"},"content":{"rendered":"\n<p>Em entrevista para o Globo, senador afirma que posicionamentos de Bolsonaro sobre a imuniza\u00e7\u00e3o repercutiram mal eleitoralmente e que, por isso, titular do Planalto vai ajustar o discurso<\/p>\n\n\n\n<!--more-->\n\n\n\n<p>O senador Fl\u00e1vio Bolsonaro (PL-RJ), filho mais velho do presidente da Rep\u00fablica, reconheceu, durante entrevista ao jornal o Globo, que pesquisas internas do comit\u00ea de campanha de reelei\u00e7\u00e3o apontam que o desgaste do presidente \u00e9 consequ\u00eancia do discurso antivacina. Jair Bolsonaro n\u00e3o se imunizou \u2013 e, por diversas vezes, j\u00e1 colocou em d\u00favida a efic\u00e1cia e seguran\u00e7a dos imunizantes.<\/p>\n\n\n\n<div class=\"wp-block-image\"><figure class=\"aligncenter size-full\"><img fetchpriority=\"high\" decoding=\"async\" width=\"720\" height=\"181\" src=\"https:\/\/www.portalalerta.com.br\/wp-content\/uploads\/2018\/02\/Auto-Escola-Nobre.jpg\" alt=\"\" class=\"wp-image-4869\" srcset=\"https:\/\/www.portalalerta.com.br\/wp-content\/uploads\/2018\/02\/Auto-Escola-Nobre.jpg 720w, https:\/\/www.portalalerta.com.br\/wp-content\/uploads\/2018\/02\/Auto-Escola-Nobre-260x65.jpg 260w, https:\/\/www.portalalerta.com.br\/wp-content\/uploads\/2018\/02\/Auto-Escola-Nobre-50x13.jpg 50w, https:\/\/www.portalalerta.com.br\/wp-content\/uploads\/2018\/02\/Auto-Escola-Nobre-150x38.jpg 150w\" sizes=\"(max-width: 720px) 100vw, 720px\" \/><\/figure><\/div>\n\n\n\n<p>Fl\u00e1vio saiu de um per\u00edodo mergulhado no esc\u00e2ndalo das rachadinhas para assumir o posto de coordenador da campanha do pai. Na nova fun\u00e7\u00e3o de destaque, o parlamentar tem a miss\u00e3o de construir palanques estaduais e reverter a queda na popularidade de Jair Bolsonaro.<\/p>\n\n\n\n<p>Enquanto n\u00e3o consegue convencer o pai a mudar de opini\u00e3o, o senador ensaia a defesa do presidente, alegando que o governo nunca deixou de fornecer vacinas, e o ataque aos advers\u00e1rios, culpando o ex-juiz Sergio Moro pela soltura do ex-presidente Lula, porque <strong><em>&#8220;fez coisas que estavam fora da lei&#8221;<\/em><\/strong>.<\/p>\n\n\n\n<p>Fl\u00e1vio ainda reconhece erros cometidos pelo governo e diz que o comportamento de Bolsonaro mudou nas \u00faltimas semanas para evitar fornecer muni\u00e7\u00e3o aos seus detratores. O parlamentar tamb\u00e9m diz que o Republicanos, importante aliado do governo, est\u00e1 mais distante do n\u00facleo duro do comit\u00ea de campanha, e afirma que acredita ser poss\u00edvel avan\u00e7ar numa negocia\u00e7\u00e3o com o Uni\u00e3o Brasil.<\/p>\n\n\n\n<p><em>Fonte: Metro1<\/em><\/p>\n","protected":false},"excerpt":{"rendered":"<p>Em entrevista para o Globo, senador afirma que posicionamentos de Bolsonaro sobre a imuniza\u00e7\u00e3o repercutiram mal eleitoralmente e que, por isso, titular do Planalto vai ajustar o discurso<\/p>\n","protected":false},"author":2,"featured_media":20543,"comment_status":"open","ping_status":"open","sticky":false,"template":"","format":"standard","meta":{"om_disable_all_campaigns":false,"_monsterinsights_skip_tracking":false,"_monsterinsights_sitenote_active":false,"_monsterinsights_sitenote_note":"","_monsterinsights_sitenote_category":0,"footnotes":""},"categories":[34,70,69,21,19],"tags":[93,3429,3486,1976,1395,233,3570,371],"class_list":["post-41007","post","type-post","status-publish","format-standard","has-post-thumbnail","hentry","category-brasil","category-destaques","category-noticias2","category-politica","category-saude","tag-brasil","tag-coronavirus","tag-covid-19","tag-flavio-bolsonaro","tag-jair-bolsonaro","tag-senador","tag-vacina","tag-vacinacao"],"aioseo_notices":[],"_links":{"self":[{"href":"https:\/\/www.portalalerta.com.br\/index.php\/wp-json\/wp\/v2\/posts\/41007","targetHints":{"allow":["GET"]}}],"collection":[{"href":"https:\/\/www.portalalerta.com.br\/index.php\/wp-json\/wp\/v2\/posts"}],"about":[{"href":"https:\/\/www.portalalerta.com.br\/index.php\/wp-json\/wp\/v2\/types\/post"}],"author":[{"embeddable":true,"href":"https:\/\/www.portalalerta.com.br\/index.php\/wp-json\/wp\/v2\/users\/2"}],"replies":[{"embeddable":true,"href":"https:\/\/www.portalalerta.com.br\/index.php\/wp-json\/wp\/v2\/comments?post=41007"}],"version-history":[{"count":1,"href":"https:\/\/www.portalalerta.com.br\/index.php\/wp-json\/wp\/v2\/posts\/41007\/revisions"}],"predecessor-version":[{"id":41008,"href":"https:\/\/www.portalalerta.com.br\/index.php\/wp-json\/wp\/v2\/posts\/41007\/revisions\/41008"}],"wp:featuredmedia":[{"embeddable":true,"href":"https:\/\/www.portalalerta.com.br\/index.php\/wp-json\/wp\/v2\/media\/20543"}],"wp:attachment":[{"href":"https:\/\/www.portalalerta.com.br\/index.php\/wp-json\/wp\/v2\/media?parent=41007"}],"wp:term":[{"taxonomy":"category","embeddable":true,"href":"https:\/\/www.portalalerta.com.br\/index.php\/wp-json\/wp\/v2\/categories?post=41007"},{"taxonomy":"post_tag","embeddable":true,"href":"https:\/\/www.portalalerta.com.br\/index.php\/wp-json\/wp\/v2\/tags?post=41007"}],"curies":[{"name":"wp","href":"https:\/\/api.w.org\/{rel}","templated":true}]}}