{"id":41009,"date":"2022-02-12T21:04:43","date_gmt":"2022-02-13T00:04:43","guid":{"rendered":"https:\/\/www.portalalerta.com.br\/?p=41009"},"modified":"2022-02-12T21:28:04","modified_gmt":"2022-02-13T00:28:04","slug":"jovens-novasourenses-lancam-coletanea-de-poemas-afirmando-a-leitura-como-direito-humano","status":"publish","type":"post","link":"https:\/\/www.portalalerta.com.br\/index.php\/2022\/02\/12\/jovens-novasourenses-lancam-coletanea-de-poemas-afirmando-a-leitura-como-direito-humano\/","title":{"rendered":"Jovens Novasourenses lan\u00e7am colet\u00e2nea de poemas afirmando a leitura como Direito Humano"},"content":{"rendered":"\n<p>Localizada a 250 km de Salvador, em Nova Soure, a maior biblioteca rural do pa\u00eds, batizada como Biblioteca Comunit\u00e1ria Maria das Neves Prado, e apelidada carinhosamente por Biblioteca do Paiai\u00e1, se prepara para o lan\u00e7amento da sua primeira colet\u00e2nea:&nbsp; <strong><em>*Poemas dos Olhos d\u2019\u00c1gua do Paiai\u00e1*<\/em><\/strong>. O e-book conta com textos produzidos por jovens da comunidade, e ser\u00e1 lan\u00e7ado neste domingo (13), com download gratuito, atrav\u00e9s do canal do YouTube da Biblioteca (\/<a href=\"http:\/\/bit.ly\/bibliotecapaiaia\" target=\"_blank\" rel=\"noreferrer noopener\">bit.ly\/bibliotecapaiaia<\/a>).<\/p>\n\n\n\n<!--more-->\n\n\n\n<div class=\"wp-block-image\"><figure class=\"alignleft size-large is-resized\"><img fetchpriority=\"high\" decoding=\"async\" src=\"https:\/\/www.portalalerta.com.br\/wp-content\/uploads\/2021\/10\/Cred-Real-1024x1024.jpeg\" alt=\"\" class=\"wp-image-38729\" width=\"398\" height=\"398\" srcset=\"https:\/\/www.portalalerta.com.br\/wp-content\/uploads\/2021\/10\/Cred-Real-1024x1024.jpeg 1024w, https:\/\/www.portalalerta.com.br\/wp-content\/uploads\/2021\/10\/Cred-Real-240x240.jpeg 240w, https:\/\/www.portalalerta.com.br\/wp-content\/uploads\/2021\/10\/Cred-Real-768x768.jpeg 768w, https:\/\/www.portalalerta.com.br\/wp-content\/uploads\/2021\/10\/Cred-Real-1536x1536.jpeg 1536w, https:\/\/www.portalalerta.com.br\/wp-content\/uploads\/2021\/10\/Cred-Real-146x146.jpeg 146w, https:\/\/www.portalalerta.com.br\/wp-content\/uploads\/2021\/10\/Cred-Real-50x50.jpeg 50w, https:\/\/www.portalalerta.com.br\/wp-content\/uploads\/2021\/10\/Cred-Real-75x75.jpeg 75w, https:\/\/www.portalalerta.com.br\/wp-content\/uploads\/2021\/10\/Cred-Real-85x85.jpeg 85w, https:\/\/www.portalalerta.com.br\/wp-content\/uploads\/2021\/10\/Cred-Real-80x80.jpeg 80w, https:\/\/www.portalalerta.com.br\/wp-content\/uploads\/2021\/10\/Cred-Real.jpeg 1920w\" sizes=\"(max-width: 398px) 100vw, 398px\" \/><\/figure><\/div>\n\n\n\n<p>O projeto tem apoio financeiro do Estado da Bahia atrav\u00e9s da Secretaria de Cultura (Pr\u00eamio Cultura na Palma da M\u00e3o\/PABB) via Lei Aldir Blanc, direcionada pela Secretaria Especial da Cultura do Minist\u00e9rio de Turismo, Governo Federal.<\/p>\n\n\n\n<p>Al\u00e9m do encontro de lan\u00e7amento no dia 13 de fevereiro, haver\u00e1 no dia 20 de fevereiro um workshop com o ilustrador Tulio Carapi\u00e1, e no dia 27 de fevereiro com o organizador Uarlen Becker, sobre os processos criativos. Outras informa\u00e7\u00f5es podem ser encontradas no Instagram da biblioteca (@bibliotecadepaiaia )&nbsp;<\/p>\n\n\n\n<p><strong>Servi\u00e7o<\/strong><\/p>\n\n\n\n<p><strong>Lan\u00e7amento do e-book colet\u00e2nea \u201cPoemas dos Olhos d\u2019\u00c1gua do Paiai\u00e1\u201d<\/strong><\/p>\n\n\n\n<p><strong>Quando:<\/strong> 13 de fevereiro, \u00e0s 16h<\/p>\n\n\n\n<p><strong>Onde:<\/strong> No canal do YouTube (<a href=\"http:\/\/bit.ly\/bibliotecapaiaia\" target=\"_blank\" rel=\"noreferrer noopener\">bit.ly\/bibliotecapaiaia<\/a>)&nbsp;<\/p>\n\n\n\n<p><em>Fonte: Arildo Leone<\/em><\/p>\n","protected":false},"excerpt":{"rendered":"<p>Localizada a 250 km de Salvador, em Nova Soure, a maior biblioteca rural do pa\u00eds, batizada como Biblioteca Comunit\u00e1ria Maria das Neves Prado, e apelidada carinhosamente por Biblioteca do Paiai\u00e1, se prepara para o lan\u00e7amento da sua primeira colet\u00e2nea:&nbsp; *Poemas dos Olhos d\u2019\u00c1gua do Paiai\u00e1*. O e-book conta com textos produzidos por jovens da comunidade, &hellip;<\/p>\n","protected":false},"author":2,"featured_media":41010,"comment_status":"open","ping_status":"open","sticky":false,"template":"","format":"standard","meta":{"om_disable_all_campaigns":false,"_monsterinsights_skip_tracking":false,"_monsterinsights_sitenote_active":false,"_monsterinsights_sitenote_note":"","_monsterinsights_sitenote_category":0,"footnotes":""},"categories":[70,20,69,14,32],"tags":[2964,106,2963,5237],"class_list":["post-41009","post","type-post","status-publish","format-standard","has-post-thumbnail","hentry","category-destaques","category-educacao","category-noticias2","category-nova-soure","category-regiao","tag-biblioteca","tag-nova-soure","tag-paiaia","tag-poemas-dos-olhos-dagua-do-paiaia"],"aioseo_notices":[],"_links":{"self":[{"href":"https:\/\/www.portalalerta.com.br\/index.php\/wp-json\/wp\/v2\/posts\/41009","targetHints":{"allow":["GET"]}}],"collection":[{"href":"https:\/\/www.portalalerta.com.br\/index.php\/wp-json\/wp\/v2\/posts"}],"about":[{"href":"https:\/\/www.portalalerta.com.br\/index.php\/wp-json\/wp\/v2\/types\/post"}],"author":[{"embeddable":true,"href":"https:\/\/www.portalalerta.com.br\/index.php\/wp-json\/wp\/v2\/users\/2"}],"replies":[{"embeddable":true,"href":"https:\/\/www.portalalerta.com.br\/index.php\/wp-json\/wp\/v2\/comments?post=41009"}],"version-history":[{"count":1,"href":"https:\/\/www.portalalerta.com.br\/index.php\/wp-json\/wp\/v2\/posts\/41009\/revisions"}],"predecessor-version":[{"id":41011,"href":"https:\/\/www.portalalerta.com.br\/index.php\/wp-json\/wp\/v2\/posts\/41009\/revisions\/41011"}],"wp:featuredmedia":[{"embeddable":true,"href":"https:\/\/www.portalalerta.com.br\/index.php\/wp-json\/wp\/v2\/media\/41010"}],"wp:attachment":[{"href":"https:\/\/www.portalalerta.com.br\/index.php\/wp-json\/wp\/v2\/media?parent=41009"}],"wp:term":[{"taxonomy":"category","embeddable":true,"href":"https:\/\/www.portalalerta.com.br\/index.php\/wp-json\/wp\/v2\/categories?post=41009"},{"taxonomy":"post_tag","embeddable":true,"href":"https:\/\/www.portalalerta.com.br\/index.php\/wp-json\/wp\/v2\/tags?post=41009"}],"curies":[{"name":"wp","href":"https:\/\/api.w.org\/{rel}","templated":true}]}}