{"id":41012,"date":"2022-02-12T21:14:02","date_gmt":"2022-02-13T00:14:02","guid":{"rendered":"https:\/\/www.portalalerta.com.br\/?p=41012"},"modified":"2022-02-12T21:14:03","modified_gmt":"2022-02-13T00:14:03","slug":"tse-rebate-bolsonaro-e-nega-que-forcas-armadas-tenham-apontado-vulnerabilidade-em-sistema-eleitoral","status":"publish","type":"post","link":"https:\/\/www.portalalerta.com.br\/index.php\/2022\/02\/12\/tse-rebate-bolsonaro-e-nega-que-forcas-armadas-tenham-apontado-vulnerabilidade-em-sistema-eleitoral\/","title":{"rendered":"TSE rebate Bolsonaro e nega que For\u00e7as Armadas tenham apontado vulnerabilidade em sistema eleitoral"},"content":{"rendered":"\n<p>O Tribunal Superior Eleitoral (TSE) divulgou um comunicado na manh\u00e3 da \u00faltima sexta-feira na qual rebate alega\u00e7\u00f5es do presidente Jair Bolsonaro de que as For\u00e7as Armadas apontaram vulnerabilidades no sistema eleitoral.<\/p>\n\n\n\n<!--more-->\n\n\n\n<p>Segundo a nota, o pedido do representante das For\u00e7as Armadas na Comiss\u00e3o de Transpar\u00eancia Eleitoral foi feito pr\u00f3ximo do recesso, \u00e9poca em que os t\u00e9cnicos do tribunal paralisam as atividades, e que a resposta \u00e0s perguntas j\u00e1 come\u00e7ou a ser elaborada e ser\u00e1 encaminhada nos pr\u00f3ximos dias.<\/p>\n\n\n\n<p>Sem citar nominalmente Bolsonaro, o comunicado disse ainda que n\u00e3o houve qualquer coment\u00e1rio acerca da <strong><em>&#8220;seguran\u00e7a ou vulnerabilidades&#8221;<\/em><\/strong> do atual sistema eletr\u00f4nico de vota\u00e7\u00e3o feito pelas For\u00e7as Armadas.<\/p>\n\n\n\n<div class=\"wp-block-image\"><figure class=\"alignleft size-full is-resized\"><img fetchpriority=\"high\" decoding=\"async\" src=\"https:\/\/www.portalalerta.com.br\/wp-content\/uploads\/2021\/04\/ELAB.jpg\" alt=\"\" class=\"wp-image-34795\" width=\"396\" height=\"316\" srcset=\"https:\/\/www.portalalerta.com.br\/wp-content\/uploads\/2021\/04\/ELAB.jpg 1000w, https:\/\/www.portalalerta.com.br\/wp-content\/uploads\/2021\/04\/ELAB-300x240.jpg 300w, https:\/\/www.portalalerta.com.br\/wp-content\/uploads\/2021\/04\/ELAB-768x614.jpg 768w, https:\/\/www.portalalerta.com.br\/wp-content\/uploads\/2021\/04\/ELAB-183x146.jpg 183w, https:\/\/www.portalalerta.com.br\/wp-content\/uploads\/2021\/04\/ELAB-50x40.jpg 50w, https:\/\/www.portalalerta.com.br\/wp-content\/uploads\/2021\/04\/ELAB-94x75.jpg 94w\" sizes=\"(max-width: 396px) 100vw, 396px\" \/><\/figure><\/div>\n\n\n\n<p><strong><em>&#8220;S\u00e3o dezenas de perguntas de natureza t\u00e9cnica, com certo grau de complexidade. Tudo est\u00e1 sendo respondido, como foi devidamente comunicado ao referido representante&#8221;<\/em><\/strong>, disse.<\/p>\n\n\n\n<p><strong><em>&#8220;Cabe destacar que s\u00e3o apenas pedidos de informa\u00e7\u00f5es, para compreender o funcionamento do sistema eletr\u00f4nico de vota\u00e7\u00e3o, sem qualquer coment\u00e1rio ou ju\u00edzo de valor sobre seguran\u00e7a ou vulnerabilidades. As declara\u00e7\u00f5es que t\u00eam sido veiculadas n\u00e3o correspondem aos fatos nem fazem qualquer sentido&#8221;<\/em><\/strong>, acrescentou a nota.<\/p>\n\n\n\n<p>Em transmiss\u00e3o ao vivo em suas redes sociais na quinta, Bolsonaro afirmou que, mesmo vencido prazo na quinta, o TSE n\u00e3o se pronunciou sobre vulnerabilidades no sistema de vota\u00e7\u00e3o apontadas pelas For\u00e7as Armadas, voltando seu discurso novamente a colocar em d\u00favida as urnas eletr\u00f4nicas.<\/p>\n\n\n\n<p><strong><em>&#8220;Foram levantadas v\u00e1rias, dezenas de vulnerabilidades, foi oficiado o TSE para que pudesse responder \u00e0s For\u00e7as Armadas &#8211;porque afinal de contas, o TSE pode ser que esteja com a raz\u00e3o. Pode ser, por que n\u00e3o?&#8221;<\/em><\/strong>, disse o presidente na transmiss\u00e3o.<\/p>\n\n\n\n<p><strong><em>&#8220;Passou o prazo que a administra\u00e7\u00e3o diz, 30 dias, ficou um sil\u00eancio. Foi reiterado, o prazo se esgotou no dia de hoje, t\u00e1 certo?&#8221;<\/em><\/strong>, continuou Bolsonaro.<\/p>\n\n\n\n<p><strong><em>&#8220;E isso est\u00e1 na m\u00e3o do ministro (da Defesa) Braga Netto para tratar desse assunto. E ele est\u00e1 tratando desse assunto e vai com toda a certeza entrar em contato com o presidente do TSE para ver se o atraso foi em fun\u00e7\u00e3o do recesso (do Judici\u00e1rio), n\u00e3o foi, se a documenta\u00e7\u00e3o vai chegar. E da\u00ed as For\u00e7as Armadas v\u00e3o analisar isso da\u00ed e v\u00e3o dar uma resposta&#8221;<\/em><\/strong>, afirmou.<\/p>\n\n\n\n<p>Bolsonaro, que no ano passado defendeu o voto impresso, questionou a confiabilidade das urnas chegando a anunciar que n\u00e3o aceitaria o resultado de elei\u00e7\u00f5es que n\u00e3o ocorressem de maneira <strong>&#8220;limpa&#8221;<\/strong>.<\/p>\n\n\n\n<p>O presidente alega com frequ\u00eancia e sem apresentar provas que houve fraude na elei\u00e7\u00e3o de 2018, vencida por ele, e alega, sem apresentar fundamentos, que teria vencido o pleito no primeiro turno.<\/p>\n\n\n\n<p><em>Fonte: Yahoo Not\u00edcias<\/em><\/p>\n","protected":false},"excerpt":{"rendered":"<p>O Tribunal Superior Eleitoral (TSE) divulgou um comunicado na manh\u00e3 da \u00faltima sexta-feira na qual rebate alega\u00e7\u00f5es do presidente Jair Bolsonaro de que as For\u00e7as Armadas apontaram vulnerabilidades no sistema eleitoral.<\/p>\n","protected":false},"author":2,"featured_media":37104,"comment_status":"open","ping_status":"open","sticky":false,"template":"","format":"standard","meta":{"om_disable_all_campaigns":false,"_monsterinsights_skip_tracking":false,"_monsterinsights_sitenote_active":false,"_monsterinsights_sitenote_note":"","_monsterinsights_sitenote_category":0,"footnotes":""},"categories":[34,70,69,21],"tags":[93,1395,549,4721],"class_list":["post-41012","post","type-post","status-publish","format-standard","has-post-thumbnail","hentry","category-brasil","category-destaques","category-noticias2","category-politica","tag-brasil","tag-jair-bolsonaro","tag-tse","tag-urnas-eletronicas"],"aioseo_notices":[],"_links":{"self":[{"href":"https:\/\/www.portalalerta.com.br\/index.php\/wp-json\/wp\/v2\/posts\/41012","targetHints":{"allow":["GET"]}}],"collection":[{"href":"https:\/\/www.portalalerta.com.br\/index.php\/wp-json\/wp\/v2\/posts"}],"about":[{"href":"https:\/\/www.portalalerta.com.br\/index.php\/wp-json\/wp\/v2\/types\/post"}],"author":[{"embeddable":true,"href":"https:\/\/www.portalalerta.com.br\/index.php\/wp-json\/wp\/v2\/users\/2"}],"replies":[{"embeddable":true,"href":"https:\/\/www.portalalerta.com.br\/index.php\/wp-json\/wp\/v2\/comments?post=41012"}],"version-history":[{"count":1,"href":"https:\/\/www.portalalerta.com.br\/index.php\/wp-json\/wp\/v2\/posts\/41012\/revisions"}],"predecessor-version":[{"id":41013,"href":"https:\/\/www.portalalerta.com.br\/index.php\/wp-json\/wp\/v2\/posts\/41012\/revisions\/41013"}],"wp:featuredmedia":[{"embeddable":true,"href":"https:\/\/www.portalalerta.com.br\/index.php\/wp-json\/wp\/v2\/media\/37104"}],"wp:attachment":[{"href":"https:\/\/www.portalalerta.com.br\/index.php\/wp-json\/wp\/v2\/media?parent=41012"}],"wp:term":[{"taxonomy":"category","embeddable":true,"href":"https:\/\/www.portalalerta.com.br\/index.php\/wp-json\/wp\/v2\/categories?post=41012"},{"taxonomy":"post_tag","embeddable":true,"href":"https:\/\/www.portalalerta.com.br\/index.php\/wp-json\/wp\/v2\/tags?post=41012"}],"curies":[{"name":"wp","href":"https:\/\/api.w.org\/{rel}","templated":true}]}}