{"id":41018,"date":"2022-02-13T12:47:04","date_gmt":"2022-02-13T15:47:04","guid":{"rendered":"https:\/\/www.portalalerta.com.br\/?p=41018"},"modified":"2022-02-13T12:47:05","modified_gmt":"2022-02-13T15:47:05","slug":"lewandowski-sera-presidente-de-comissao-que-atualizara-lei-do-impeachment","status":"publish","type":"post","link":"https:\/\/www.portalalerta.com.br\/index.php\/2022\/02\/13\/lewandowski-sera-presidente-de-comissao-que-atualizara-lei-do-impeachment\/","title":{"rendered":"Lewandowski ser\u00e1 presidente de comiss\u00e3o que atualizar\u00e1 lei do impeachment"},"content":{"rendered":"\n<p>O ministro foi escolhido pelo presidente do Senado, Rodrigo Pacheco<\/p>\n\n\n\n<!--more-->\n\n\n\n<p>O ministro do Superior Tribunal Federal, &nbsp;Ricardo Lewandowski&nbsp;foi nomeado na sexta-feira (10) por Rodrigo Pacheco (PSD-MG), presidente do Senado, para ser presidente de uma comiss\u00e3o de juristas&nbsp;que vai elaborar uma proposta para atualizar a lei do impeachment.&nbsp;<\/p>\n\n\n\n<div class=\"wp-block-image\"><figure class=\"aligncenter size-full\"><img fetchpriority=\"high\" decoding=\"async\" width=\"720\" height=\"181\" src=\"https:\/\/www.portalalerta.com.br\/wp-content\/uploads\/2018\/02\/Auto-Escola-Nobre.jpg\" alt=\"\" class=\"wp-image-4869\" srcset=\"https:\/\/www.portalalerta.com.br\/wp-content\/uploads\/2018\/02\/Auto-Escola-Nobre.jpg 720w, https:\/\/www.portalalerta.com.br\/wp-content\/uploads\/2018\/02\/Auto-Escola-Nobre-260x65.jpg 260w, https:\/\/www.portalalerta.com.br\/wp-content\/uploads\/2018\/02\/Auto-Escola-Nobre-50x13.jpg 50w, https:\/\/www.portalalerta.com.br\/wp-content\/uploads\/2018\/02\/Auto-Escola-Nobre-150x38.jpg 150w\" sizes=\"(max-width: 720px) 100vw, 720px\" \/><\/figure><\/div>\n\n\n\n<p>A comiss\u00e3o especial ser\u00e1 formada por&nbsp;11 pessoas e ter\u00e1 180 dias para formalizar um anteprojeto sobre o tema.&nbsp;<\/p>\n\n\n\n<p>Al\u00e9m de Lewandowski, far\u00e3o parte do colegiado o ministro do STJ&nbsp;Rog\u00e9rio Schietti Machado Cruz; o rec\u00e9m-nomeado ministro do TCU&nbsp;Antonio Anastasia&nbsp;e o ex-presidente da OAB&nbsp;Marcus Vinicius Furtado Co\u00ealho. Fabiane Pereira de Oliveira, assessora de Lewandowski no STF, ser\u00e1 relatora da comiss\u00e3o.<\/p>\n\n\n\n<p><em>Fonte: Metro1<\/em><\/p>\n","protected":false},"excerpt":{"rendered":"<p>O ministro foi escolhido pelo presidente do Senado, Rodrigo Pacheco<\/p>\n","protected":false},"author":2,"featured_media":10719,"comment_status":"open","ping_status":"open","sticky":false,"template":"","format":"standard","meta":{"om_disable_all_campaigns":false,"_monsterinsights_skip_tracking":false,"_monsterinsights_sitenote_active":false,"_monsterinsights_sitenote_note":"","_monsterinsights_sitenote_category":0,"footnotes":""},"categories":[34,70,69,21],"tags":[988,1616,216],"class_list":["post-41018","post","type-post","status-publish","format-standard","has-post-thumbnail","hentry","category-brasil","category-destaques","category-noticias2","category-politica","tag-impeachment","tag-lewandowski","tag-stf"],"aioseo_notices":[],"_links":{"self":[{"href":"https:\/\/www.portalalerta.com.br\/index.php\/wp-json\/wp\/v2\/posts\/41018","targetHints":{"allow":["GET"]}}],"collection":[{"href":"https:\/\/www.portalalerta.com.br\/index.php\/wp-json\/wp\/v2\/posts"}],"about":[{"href":"https:\/\/www.portalalerta.com.br\/index.php\/wp-json\/wp\/v2\/types\/post"}],"author":[{"embeddable":true,"href":"https:\/\/www.portalalerta.com.br\/index.php\/wp-json\/wp\/v2\/users\/2"}],"replies":[{"embeddable":true,"href":"https:\/\/www.portalalerta.com.br\/index.php\/wp-json\/wp\/v2\/comments?post=41018"}],"version-history":[{"count":1,"href":"https:\/\/www.portalalerta.com.br\/index.php\/wp-json\/wp\/v2\/posts\/41018\/revisions"}],"predecessor-version":[{"id":41019,"href":"https:\/\/www.portalalerta.com.br\/index.php\/wp-json\/wp\/v2\/posts\/41018\/revisions\/41019"}],"wp:featuredmedia":[{"embeddable":true,"href":"https:\/\/www.portalalerta.com.br\/index.php\/wp-json\/wp\/v2\/media\/10719"}],"wp:attachment":[{"href":"https:\/\/www.portalalerta.com.br\/index.php\/wp-json\/wp\/v2\/media?parent=41018"}],"wp:term":[{"taxonomy":"category","embeddable":true,"href":"https:\/\/www.portalalerta.com.br\/index.php\/wp-json\/wp\/v2\/categories?post=41018"},{"taxonomy":"post_tag","embeddable":true,"href":"https:\/\/www.portalalerta.com.br\/index.php\/wp-json\/wp\/v2\/tags?post=41018"}],"curies":[{"name":"wp","href":"https:\/\/api.w.org\/{rel}","templated":true}]}}