{"id":41020,"date":"2022-02-13T13:06:08","date_gmt":"2022-02-13T16:06:08","guid":{"rendered":"https:\/\/www.portalalerta.com.br\/?p=41020"},"modified":"2022-02-13T13:45:39","modified_gmt":"2022-02-13T16:45:39","slug":"ultimo-prazo-do-refiz-para-regularizar-pendencias-com-descontos-em-ribeira-do-pombal","status":"publish","type":"post","link":"https:\/\/www.portalalerta.com.br\/index.php\/2022\/02\/13\/ultimo-prazo-do-refiz-para-regularizar-pendencias-com-descontos-em-ribeira-do-pombal\/","title":{"rendered":"\u00daltimo prazo do Refiz para regularizar pend\u00eancias, com descontos, em Ribeira do Pombal-BA"},"content":{"rendered":"\n<p>O prazo estendido que a Prefeitura de Ribeira do Pombal-BA estabeleceu para quem tem pend\u00eancias financeiras com o Munic\u00edpio, atrav\u00e9s do Programa de Incentivo \u00e0 Regulariza\u00e7\u00e3o Fiscal (REFIS), se encerra na segunda-feira, 28\/02. Esse \u00e9 o \u00faltimo prazo que j\u00e1 \u00e9 resultado de uma prorroga\u00e7\u00e3o realizado em dezembro e que estendeu at\u00e9 essa data, 28 fevereiro de 2022.<\/p>\n\n\n\n<!--more-->\n\n\n\n<div class=\"wp-block-image\"><figure class=\"alignleft size-large is-resized\"><img fetchpriority=\"high\" decoding=\"async\" src=\"https:\/\/www.portalalerta.com.br\/wp-content\/uploads\/2021\/10\/Cred-Real-1024x1024.jpeg\" alt=\"\" class=\"wp-image-38729\" width=\"441\" height=\"441\" srcset=\"https:\/\/www.portalalerta.com.br\/wp-content\/uploads\/2021\/10\/Cred-Real-1024x1024.jpeg 1024w, https:\/\/www.portalalerta.com.br\/wp-content\/uploads\/2021\/10\/Cred-Real-240x240.jpeg 240w, https:\/\/www.portalalerta.com.br\/wp-content\/uploads\/2021\/10\/Cred-Real-768x768.jpeg 768w, https:\/\/www.portalalerta.com.br\/wp-content\/uploads\/2021\/10\/Cred-Real-1536x1536.jpeg 1536w, https:\/\/www.portalalerta.com.br\/wp-content\/uploads\/2021\/10\/Cred-Real-146x146.jpeg 146w, https:\/\/www.portalalerta.com.br\/wp-content\/uploads\/2021\/10\/Cred-Real-50x50.jpeg 50w, https:\/\/www.portalalerta.com.br\/wp-content\/uploads\/2021\/10\/Cred-Real-75x75.jpeg 75w, https:\/\/www.portalalerta.com.br\/wp-content\/uploads\/2021\/10\/Cred-Real-85x85.jpeg 85w, https:\/\/www.portalalerta.com.br\/wp-content\/uploads\/2021\/10\/Cred-Real-80x80.jpeg 80w, https:\/\/www.portalalerta.com.br\/wp-content\/uploads\/2021\/10\/Cred-Real.jpeg 1920w\" sizes=\"(max-width: 441px) 100vw, 441px\" \/><\/figure><\/div>\n\n\n\n<p>A Prefeitura est\u00e1 informando aos contribuintes e devedores que n\u00e3o haver\u00e1 nova prorroga\u00e7\u00e3o, ou seja, depois dessa data, quem n\u00e3o regularizar sua situa\u00e7\u00e3o perante o Fisco Municipal ter\u00e1 o nome negativado.<\/p>\n\n\n\n<p>O Programa de Incentivo \u00e0 Regulariza\u00e7\u00e3o Fiscal \u00e9 executado pelo Fisco Municipal, localizado no Centro Administrativo, Pra\u00e7a Get\u00falio Vargas, que atendem tamb\u00e9m pelos contatos: E-mail: fisco@ribeiradopombal.ba.gov.br e Telefone: 3276-4966.<\/p>\n\n\n\n<p><em>Fonte: SECOM\/ Ribeira do Pombal<\/em><\/p>\n","protected":false},"excerpt":{"rendered":"<p>O prazo estendido que a Prefeitura de Ribeira do Pombal-BA estabeleceu para quem tem pend\u00eancias financeiras com o Munic\u00edpio, atrav\u00e9s do Programa de Incentivo \u00e0 Regulariza\u00e7\u00e3o Fiscal (REFIS), se encerra na segunda-feira, 28\/02. Esse \u00e9 o \u00faltimo prazo que j\u00e1 \u00e9 resultado de uma prorroga\u00e7\u00e3o realizado em dezembro e que estendeu at\u00e9 essa data, 28 &hellip;<\/p>\n","protected":false},"author":2,"featured_media":41021,"comment_status":"open","ping_status":"open","sticky":false,"template":"","format":"standard","meta":{"om_disable_all_campaigns":false,"_monsterinsights_skip_tracking":false,"_monsterinsights_sitenote_active":false,"_monsterinsights_sitenote_note":"","_monsterinsights_sitenote_category":0,"footnotes":""},"categories":[70,69,32,3],"tags":[5055,47],"class_list":["post-41020","post","type-post","status-publish","format-standard","has-post-thumbnail","hentry","category-destaques","category-noticias2","category-regiao","category-ribeira-do-pombal","tag-refis","tag-ribeira-do-pombal"],"aioseo_notices":[],"_links":{"self":[{"href":"https:\/\/www.portalalerta.com.br\/index.php\/wp-json\/wp\/v2\/posts\/41020","targetHints":{"allow":["GET"]}}],"collection":[{"href":"https:\/\/www.portalalerta.com.br\/index.php\/wp-json\/wp\/v2\/posts"}],"about":[{"href":"https:\/\/www.portalalerta.com.br\/index.php\/wp-json\/wp\/v2\/types\/post"}],"author":[{"embeddable":true,"href":"https:\/\/www.portalalerta.com.br\/index.php\/wp-json\/wp\/v2\/users\/2"}],"replies":[{"embeddable":true,"href":"https:\/\/www.portalalerta.com.br\/index.php\/wp-json\/wp\/v2\/comments?post=41020"}],"version-history":[{"count":2,"href":"https:\/\/www.portalalerta.com.br\/index.php\/wp-json\/wp\/v2\/posts\/41020\/revisions"}],"predecessor-version":[{"id":41028,"href":"https:\/\/www.portalalerta.com.br\/index.php\/wp-json\/wp\/v2\/posts\/41020\/revisions\/41028"}],"wp:featuredmedia":[{"embeddable":true,"href":"https:\/\/www.portalalerta.com.br\/index.php\/wp-json\/wp\/v2\/media\/41021"}],"wp:attachment":[{"href":"https:\/\/www.portalalerta.com.br\/index.php\/wp-json\/wp\/v2\/media?parent=41020"}],"wp:term":[{"taxonomy":"category","embeddable":true,"href":"https:\/\/www.portalalerta.com.br\/index.php\/wp-json\/wp\/v2\/categories?post=41020"},{"taxonomy":"post_tag","embeddable":true,"href":"https:\/\/www.portalalerta.com.br\/index.php\/wp-json\/wp\/v2\/tags?post=41020"}],"curies":[{"name":"wp","href":"https:\/\/api.w.org\/{rel}","templated":true}]}}