{"id":41023,"date":"2022-02-13T13:21:48","date_gmt":"2022-02-13T16:21:48","guid":{"rendered":"https:\/\/www.portalalerta.com.br\/?p=41023"},"modified":"2022-02-13T13:21:49","modified_gmt":"2022-02-13T16:21:49","slug":"bolsonaro-e-pressionado-a-abandonar-discurso-antivacina-por-sobrevivencia-eleitoral","status":"publish","type":"post","link":"https:\/\/www.portalalerta.com.br\/index.php\/2022\/02\/13\/bolsonaro-e-pressionado-a-abandonar-discurso-antivacina-por-sobrevivencia-eleitoral\/","title":{"rendered":"Bolsonaro \u00e9 pressionado a abandonar discurso antivacina por sobreviv\u00eancia eleitoral"},"content":{"rendered":"\n<p>Pessoas pr\u00f3ximas a Jair Bolsonaro (PL) querem que ele se vacine e exalte feitos do governo que possibilitaram a imuniza\u00e7\u00e3o da popula\u00e7\u00e3o<\/p>\n\n\n\n<!--more-->\n\n\n\n<p>A oito meses da elei\u00e7\u00e3o, o presidente Jair Bolsonaro (PL) tem sido pressionado por ministros e aliados a abandonar o discurso antivacina. Mais do que isso: pessoas pr\u00f3ximas ao mandat\u00e1rio querem que ele se vacine e exalte feitos do governo que possibilitaram a imuniza\u00e7\u00e3o da popula\u00e7\u00e3o.<\/p>\n\n\n\n<p>Aliados dizem acreditar que a condu\u00e7\u00e3o do governo na pandemia \u00e9 o principal obst\u00e1culo do chefe do Executivo em busca da recondu\u00e7\u00e3o ao Pal\u00e1cio do Planalto. A aposta ser\u00e1 tentar humanizar o presidente nos pr\u00f3ximos meses. Em dois anos, o Brasil ultrapassou a marca de 650 mil mortos pela Covid-19.<\/p>\n\n\n\n<div class=\"wp-block-image\"><figure class=\"alignleft size-full is-resized\"><img fetchpriority=\"high\" decoding=\"async\" src=\"https:\/\/www.portalalerta.com.br\/wp-content\/uploads\/2021\/04\/ELAB.jpg\" alt=\"\" class=\"wp-image-34795\" width=\"358\" height=\"286\" srcset=\"https:\/\/www.portalalerta.com.br\/wp-content\/uploads\/2021\/04\/ELAB.jpg 1000w, https:\/\/www.portalalerta.com.br\/wp-content\/uploads\/2021\/04\/ELAB-300x240.jpg 300w, https:\/\/www.portalalerta.com.br\/wp-content\/uploads\/2021\/04\/ELAB-768x614.jpg 768w, https:\/\/www.portalalerta.com.br\/wp-content\/uploads\/2021\/04\/ELAB-183x146.jpg 183w, https:\/\/www.portalalerta.com.br\/wp-content\/uploads\/2021\/04\/ELAB-50x40.jpg 50w, https:\/\/www.portalalerta.com.br\/wp-content\/uploads\/2021\/04\/ELAB-94x75.jpg 94w\" sizes=\"(max-width: 358px) 100vw, 358px\" \/><\/figure><\/div>\n\n\n\n<p>Auxiliares pr\u00f3ximos tentam convenc\u00ea-lo de que ele j\u00e1 deu publicidade \u00e0s suas d\u00favidas quanto \u00e0 efic\u00e1cia da vacina, principalmente em rela\u00e7\u00e3o \u00e0s crian\u00e7as. Portanto, para eles, agora Bolsonaro deveria parar de trazer o assunto \u00e0 tona.<\/p>\n\n\n\n<p>At\u00e9 o ministro Paulo Guedes (Economia), que n\u00e3o \u00e9 da \u00e1rea pol\u00edtica do governo, fez um apelo. Ele disse ao mandat\u00e1rio que pararia de reclamar em p\u00fablico de propostas de reajustes para servidores p\u00fablicos se Bolsonaro encerrasse as cr\u00edticas \u00e0 vacina\u00e7\u00e3o.<\/p>\n\n\n\n<p>O c\u00e1lculo \u00e9 eleitoral. A vacina, ao contr\u00e1rio do discurso do presidente, teve ampla ades\u00e3o na sociedade. Cerca de 70% da popula\u00e7\u00e3o brasileira j\u00e1 completou o esquema vacinal.<\/p>\n\n\n\n<p>Em entrevista ao jornal O Globo, o senador Fl\u00e1vio Bolsonaro (PL-RJ), que coordena a campanha do pai, afirmou que o discurso a respeito da vacina trouxe desgastes para Bolsonaro.<\/p>\n\n\n\n<p>Apesar dos apelos, o presidente costuma ter uma postura reativa sempre que o assunto aparece. Pessoas pr\u00f3ximas dizem que ele se mostra impass\u00edvel e at\u00e9 irritado quando levantam o tema.<\/p>\n\n\n\n<p>Segundo relatos, j\u00e1 teria chegado a ele n\u00fameros que mostram um alto percentual de seus eleitores favor\u00e1veis \u00e0 vacina\u00e7\u00e3o. Auxiliares avaliam que h\u00e1 um descompasso entre o que o governo tem feito e o que o presidente tem dito. Apesar do posicionamento antivacina de Bolsonaro, sua administra\u00e7\u00e3o j\u00e1 comprou mais de 500 milh\u00f5es de doses, de acordo com informa\u00e7\u00f5es do Minist\u00e9rio da Sa\u00fade.<\/p>\n\n\n\n<p>Quem defende o sil\u00eancio de Bolsonaro nesse tema diz acreditar que este \u00e9 o melhor cen\u00e1rio, diante da dificuldade do presidente em defender o imunizante, cuja efic\u00e1cia j\u00e1 foi amplamente comprovada.<\/p>\n\n\n\n<p>Outra ala mais pragm\u00e1tica de seus aliados condiciona qualquer possibilidade de sucesso eleitoral \u00e0 ades\u00e3o do presidente \u00e0 campanha de vacina\u00e7\u00e3o.<\/p>\n\n\n\n<p>O chefe do Executivo tem amplo hist\u00f3rico de declara\u00e7\u00f5es cr\u00edticas aos imunizantes, protagonizou disputa pol\u00edtica com o governador de S\u00e3o Paulo, Jo\u00e3o Doria (PSDB), por causa da Coronavac, e o seu ent\u00e3o ministro da Sa\u00fade, Eduardo Pazuello, ignorou ofertas da Pfizer por meses.<\/p>\n\n\n\n<p>Em dezembro e janeiro, Bolsonaro mirou a vacina\u00e7\u00e3o de crian\u00e7as. Assim como ele n\u00e3o tomou o imunizante, disse que\u00a0n\u00e3o levaria sua filha mais nova, Laura, 11, para se vacinar.<\/p>\n\n\n\n<p>Ele chegou a protagonizar um novo embate com o diretor da Anvisa (Ag\u00eancia Nacional de Vigil\u00e2ncia Sanit\u00e1ria), Antonio Barra Torres, ao indicar que\u00a0a ag\u00eancia teria interesse na aprova\u00e7\u00e3o da vacina para crian\u00e7as de 5 a 11 anos. &#8220;Ent\u00e3o a vacina \u2013pai e m\u00e3e, voc\u00ea que tem filhos de 5 a 11 anos de idade\u2013 \u00e9 n\u00e3o obrigat\u00f3ria. Eu adianto a minha posi\u00e7\u00e3o: a minha filha de 11 anos n\u00e3o ser\u00e1 vacinada&#8221;, declarou o presidente.<\/p>\n\n\n\n<p>No \u00faltimo m\u00eas, o presidente tem modulado um pouco o discurso. A estrat\u00e9gia \u00e9 dizer que todas as vacinas foram compradas pelo governo federal, mas que a aplica\u00e7\u00e3o n\u00e3o \u00e9 obrigat\u00f3ria.<\/p>\n\n\n\n<p>Em evento no Nordeste nesta semana, Bolsonaro focou esse ponto. &#8220;O governo sempre esteve ao lado de voc\u00eas. No tocante \u00e0 vacina para a Covid, toda e qualquer vacina foi comprada pelo governo federal. E n\u00f3s disponibilizamos a voc\u00eas, de forma n\u00e3o obrigat\u00f3ria.&#8221; &#8220;Cada um que fizesse seu ju\u00edzo e tomasse ou n\u00e3o sua vacina. \u00c9 um direito de cada um de voc\u00eas. Jamais o governo federal vai exigir de voc\u00eas passaporte vacinal&#8221;, disse.<\/p>\n\n\n\n<p>Outro ponto levantado por seus aliados para defender o governo da acusa\u00e7\u00e3o de m\u00e1 gest\u00e3o da pandemia \u00e9 dizer que n\u00e3o houve corrup\u00e7\u00e3o envolvendo a compra das vacinas, mesmo ap\u00f3s uma dura CPI da Covid.<\/p>\n\n\n\n<p>No come\u00e7o de fevereiro, a ministra do STF (Supremo Tribunal Federal) Rosa Weber enviou \u00e0 PGR (Procuradoria-Geral da Rep\u00fablica) a conclus\u00e3o da Pol\u00edcia Federal de que o presidente n\u00e3o prevaricou no caso da Covaxin. A expectativa \u00e9 que o caso seja arquivado.<\/p>\n\n\n\n<p>A suspeita reca\u00eda em Bolsonaro por causa do epis\u00f3dio em que foi avisado pelo deputado federal Luis Miranda (DEM-DF) e pelo seu irm\u00e3o, o servidor Luis Ricardo Miranda, de supostas irregularidades na compra da Covaxin, negociada com a intermedia\u00e7\u00e3o da Precisa Medicamentos. O delegado da PF entendeu que n\u00e3o era atribui\u00e7\u00e3o do presidente comunicar supostas irregularidades a \u00f3rg\u00e3os de controle.<\/p>\n\n\n\n<p>Al\u00e9m de o discurso antivacina do presidente prejudic\u00e1-lo eleitoralmente, h\u00e1 uma expectativa entre seus aliados de que vire muni\u00e7\u00e3o contra candidatos nos estados.<\/p>\n\n\n\n<p>Ainda que a maioria dos seus ministros que devem disputar cargos p\u00fablicos tenha se vacinado e defendido publicamente a vacina\u00e7\u00e3o, eles dizem acreditar que as cr\u00edticas tamb\u00e9m v\u00e3o respingar em suas campanhas. Uma das principais preocupa\u00e7\u00f5es do entorno de Bolsonaro hoje \u00e9, portanto, humaniz\u00e1-lo.<\/p>\n\n\n\n<p>Como apontou um interlocutor de seu grupo pol\u00edtico, ele mostra mais solidariedade \u00e0s v\u00edtimas de eventuais complica\u00e7\u00f5es advindas do imunizante do que aos mortos pelo v\u00edrus \u2013o que \u00e9 estatisticamente incompar\u00e1vel.<\/p>\n\n\n\n<p>Pesquisas mostram que o presidente tem perdido votos especialmente em parcela do eleitorado feminino. Recentemente, ele pr\u00f3prio reconheceu isso e disse que <strong><em>&#8220;a maioria [das mulheres] vota na esquerda&#8221;<\/em><\/strong>. <strong><em>&#8220;Se h\u00e1 rea\u00e7\u00e3o por parte das mulheres [a ele], faz uma visitinha em Pacaraima, Boa Vista, nos abrigos, e v\u00ea como \u00e9 que est\u00e3o as mulheres fugindo do para\u00edso socialista defendido pelo PT&#8221;,<\/em><\/strong> disse o presidente.<\/p>\n\n\n\n<p>Bolsonaro coleciona declara\u00e7\u00f5es pol\u00eamicas e rejei\u00e7\u00e3o com essa parcela do eleitorado. Em 2018, foi alvo de manifesta\u00e7\u00f5es do movimento #EleN\u00e3o.<\/p>\n\n\n\n<p>O presidente j\u00e1 se referiu \u00e0 sua filha Laura como <strong>&#8220;fraquejada&#8221;<\/strong>. Ele se tornou r\u00e9u no STF por ser acusado de incitar estupro contra a deputada federal Maria do Ros\u00e1rio (PT-RS). A a\u00e7\u00e3o foi suspensa em 2019 pelo ministro Luiz Fux, que citou que um presidente, no exerc\u00edcio do mandato, n\u00e3o pode ser processado por atos alheios \u00e0 atua\u00e7\u00e3o.<\/p>\n\n\n\n<p><em>Fonte: Boc\u00e3o News<\/em><\/p>\n","protected":false},"excerpt":{"rendered":"<p>Pessoas pr\u00f3ximas a Jair Bolsonaro (PL) querem que ele se vacine e exalte feitos do governo que possibilitaram a imuniza\u00e7\u00e3o da popula\u00e7\u00e3o<\/p>\n","protected":false},"author":2,"featured_media":32829,"comment_status":"open","ping_status":"open","sticky":false,"template":"","format":"standard","meta":{"om_disable_all_campaigns":false,"_monsterinsights_skip_tracking":false,"_monsterinsights_sitenote_active":false,"_monsterinsights_sitenote_note":"","_monsterinsights_sitenote_category":0,"footnotes":""},"categories":[34,70,69,21,19],"tags":[93,3429,3486,1395,61],"class_list":["post-41023","post","type-post","status-publish","format-standard","has-post-thumbnail","hentry","category-brasil","category-destaques","category-noticias2","category-politica","category-saude","tag-brasil","tag-coronavirus","tag-covid-19","tag-jair-bolsonaro","tag-saude"],"aioseo_notices":[],"_links":{"self":[{"href":"https:\/\/www.portalalerta.com.br\/index.php\/wp-json\/wp\/v2\/posts\/41023","targetHints":{"allow":["GET"]}}],"collection":[{"href":"https:\/\/www.portalalerta.com.br\/index.php\/wp-json\/wp\/v2\/posts"}],"about":[{"href":"https:\/\/www.portalalerta.com.br\/index.php\/wp-json\/wp\/v2\/types\/post"}],"author":[{"embeddable":true,"href":"https:\/\/www.portalalerta.com.br\/index.php\/wp-json\/wp\/v2\/users\/2"}],"replies":[{"embeddable":true,"href":"https:\/\/www.portalalerta.com.br\/index.php\/wp-json\/wp\/v2\/comments?post=41023"}],"version-history":[{"count":1,"href":"https:\/\/www.portalalerta.com.br\/index.php\/wp-json\/wp\/v2\/posts\/41023\/revisions"}],"predecessor-version":[{"id":41024,"href":"https:\/\/www.portalalerta.com.br\/index.php\/wp-json\/wp\/v2\/posts\/41023\/revisions\/41024"}],"wp:featuredmedia":[{"embeddable":true,"href":"https:\/\/www.portalalerta.com.br\/index.php\/wp-json\/wp\/v2\/media\/32829"}],"wp:attachment":[{"href":"https:\/\/www.portalalerta.com.br\/index.php\/wp-json\/wp\/v2\/media?parent=41023"}],"wp:term":[{"taxonomy":"category","embeddable":true,"href":"https:\/\/www.portalalerta.com.br\/index.php\/wp-json\/wp\/v2\/categories?post=41023"},{"taxonomy":"post_tag","embeddable":true,"href":"https:\/\/www.portalalerta.com.br\/index.php\/wp-json\/wp\/v2\/tags?post=41023"}],"curies":[{"name":"wp","href":"https:\/\/api.w.org\/{rel}","templated":true}]}}