{"id":41025,"date":"2022-02-13T13:37:25","date_gmt":"2022-02-13T16:37:25","guid":{"rendered":"https:\/\/www.portalalerta.com.br\/?p=41025"},"modified":"2022-02-13T14:08:49","modified_gmt":"2022-02-13T17:08:49","slug":"acusado-de-cometer-homicidio-em-ribeira-do-pombal-ba-e-preso-em-euclides-da-cunha-ba","status":"publish","type":"post","link":"https:\/\/www.portalalerta.com.br\/index.php\/2022\/02\/13\/acusado-de-cometer-homicidio-em-ribeira-do-pombal-ba-e-preso-em-euclides-da-cunha-ba\/","title":{"rendered":"Acusado de cometer homic\u00eddio em Ribeira do Pombal-BA \u00e9 preso em Euclides da Cunha-BA"},"content":{"rendered":"\n<p>No final da tarde da \u00faltima sexta-feira (11), uma a\u00e7\u00e3o conjunta entre policiais civis da 25\u00ba COORPIN e militares da Companhia de Emprego T\u00e1tico Operacional (CETO), do 5\u00ba Batalh\u00e3o da Pol\u00edcia Militar\/ Euclides da Cunha-BA, culminou na pris\u00e3o de um homem acusado de cometer um homic\u00eddio, em Ribeira do Pombal-BA.<\/p>\n\n\n\n<!--more-->\n\n\n\n<p>De acordo com informa\u00e7\u00f5es, Jos\u00e9 Messias, hoje com 29 anos, teria assassinado de forma cruel e com trai\u00e7\u00e3o, o seu desafeto, identificado como Renato Santos de Oliveira, na pra\u00e7a do povoado Tapera, em Ribeira do Pombal-BA. O crime aconteceu em abril do ano passado, sendo que a v\u00edtima n\u00e3o resistiu aos golpes de faca. <a href=\"https:\/\/www.portalalerta.com.br\/index.php\/2021\/04\/29\/homem-e-assassinado-a-facadas-em-ribeira-do-pombal-ba\/\"><strong>Relembre<\/strong><\/a><\/p>\n\n\n\n<p>Segundo a Pol\u00edcia Civil, ap\u00f3s o homic\u00eddio, Jos\u00e9 Messias fugiu, passando a se esconder em diversas cidades da regi\u00e3o, por\u00e9m na \u00faltima sexta-feira foi encontrado no interior de uma oficina mec\u00e2nica situada no Povoado Queimada do Raso, em Euclides da Cunha. Ap\u00f3s a captura, o homicida foi conduzido para o Complexo Policial da cidade, onde foram cumpridos os mandados de pris\u00e3o, pelas pr\u00e1ticas de homic\u00eddio e corrup\u00e7\u00e3o de menor.<\/p>\n\n\n\n<div class=\"wp-block-image\"><figure class=\"aligncenter size-full\"><img fetchpriority=\"high\" decoding=\"async\" width=\"400\" height=\"500\" src=\"https:\/\/www.portalalerta.com.br\/wp-content\/uploads\/2022\/02\/Jose-Messias.jpeg\" alt=\"\" class=\"wp-image-41026\" srcset=\"https:\/\/www.portalalerta.com.br\/wp-content\/uploads\/2022\/02\/Jose-Messias.jpeg 400w, https:\/\/www.portalalerta.com.br\/wp-content\/uploads\/2022\/02\/Jose-Messias-192x240.jpeg 192w, https:\/\/www.portalalerta.com.br\/wp-content\/uploads\/2022\/02\/Jose-Messias-117x146.jpeg 117w, https:\/\/www.portalalerta.com.br\/wp-content\/uploads\/2022\/02\/Jose-Messias-40x50.jpeg 40w, https:\/\/www.portalalerta.com.br\/wp-content\/uploads\/2022\/02\/Jose-Messias-60x75.jpeg 60w\" sizes=\"(max-width: 400px) 100vw, 400px\" \/><figcaption>Jos\u00e9 Messias foi preso em Euclides da Cunha-BA<\/figcaption><\/figure><\/div>\n\n\n\n<p>A Pol\u00edcia Civil informou ainda, que Jos\u00e9 Messias j\u00e1 tinha sido preso por outro homic\u00eddio cometido em 2010, pelo qual cumpriu pena de quatro anos de pris\u00e3o.<\/p>\n\n\n\n<p><em>Reda\u00e7\u00e3o: Portal Alerta<\/em><\/p>\n","protected":false},"excerpt":{"rendered":"<p>No final da tarde da \u00faltima sexta-feira (11), uma a\u00e7\u00e3o conjunta entre policiais civis da 25\u00ba COORPIN e militares da Companhia de Emprego T\u00e1tico Operacional (CETO), do 5\u00ba Batalh\u00e3o da Pol\u00edcia Militar\/ Euclides da Cunha-BA, culminou na pris\u00e3o de um homem acusado de cometer um homic\u00eddio, em Ribeira do Pombal-BA.<\/p>\n","protected":false},"author":2,"featured_media":34774,"comment_status":"open","ping_status":"open","sticky":false,"template":"","format":"standard","meta":{"om_disable_all_campaigns":false,"_monsterinsights_skip_tracking":false,"_monsterinsights_sitenote_active":false,"_monsterinsights_sitenote_note":"","_monsterinsights_sitenote_category":0,"footnotes":""},"categories":[70,17,69,32,3,22],"tags":[557,387,409,129,258,206,122,79,77,47],"class_list":["post-41025","post","type-post","status-publish","format-standard","has-post-thumbnail","hentry","category-destaques","category-euclides-da-cunha","category-noticias2","category-regiao","category-ribeira-do-pombal","category-seguranca","tag-25a-coorpin","tag-5o-bpm","tag-ceto","tag-euclides-da-cunha","tag-homicida","tag-homicidio","tag-policia-civil","tag-policia-militar","tag-preso","tag-ribeira-do-pombal"],"aioseo_notices":[],"_links":{"self":[{"href":"https:\/\/www.portalalerta.com.br\/index.php\/wp-json\/wp\/v2\/posts\/41025","targetHints":{"allow":["GET"]}}],"collection":[{"href":"https:\/\/www.portalalerta.com.br\/index.php\/wp-json\/wp\/v2\/posts"}],"about":[{"href":"https:\/\/www.portalalerta.com.br\/index.php\/wp-json\/wp\/v2\/types\/post"}],"author":[{"embeddable":true,"href":"https:\/\/www.portalalerta.com.br\/index.php\/wp-json\/wp\/v2\/users\/2"}],"replies":[{"embeddable":true,"href":"https:\/\/www.portalalerta.com.br\/index.php\/wp-json\/wp\/v2\/comments?post=41025"}],"version-history":[{"count":2,"href":"https:\/\/www.portalalerta.com.br\/index.php\/wp-json\/wp\/v2\/posts\/41025\/revisions"}],"predecessor-version":[{"id":41029,"href":"https:\/\/www.portalalerta.com.br\/index.php\/wp-json\/wp\/v2\/posts\/41025\/revisions\/41029"}],"wp:featuredmedia":[{"embeddable":true,"href":"https:\/\/www.portalalerta.com.br\/index.php\/wp-json\/wp\/v2\/media\/34774"}],"wp:attachment":[{"href":"https:\/\/www.portalalerta.com.br\/index.php\/wp-json\/wp\/v2\/media?parent=41025"}],"wp:term":[{"taxonomy":"category","embeddable":true,"href":"https:\/\/www.portalalerta.com.br\/index.php\/wp-json\/wp\/v2\/categories?post=41025"},{"taxonomy":"post_tag","embeddable":true,"href":"https:\/\/www.portalalerta.com.br\/index.php\/wp-json\/wp\/v2\/tags?post=41025"}],"curies":[{"name":"wp","href":"https:\/\/api.w.org\/{rel}","templated":true}]}}