{"id":4103,"date":"2018-01-22T15:21:54","date_gmt":"2018-01-22T17:21:54","guid":{"rendered":"http:\/\/www.portalalerta.com.br\/?p=4103"},"modified":"2018-01-22T16:19:48","modified_gmt":"2018-01-22T18:19:48","slug":"criminoso-e-flagrado-tentando-cometer-roubo-em-nova-soure-ba","status":"publish","type":"post","link":"https:\/\/www.portalalerta.com.br\/index.php\/2018\/01\/22\/criminoso-e-flagrado-tentando-cometer-roubo-em-nova-soure-ba\/","title":{"rendered":"Criminoso \u00e9 flagrado tentando cometer roubo, em Nova Soure-BA"},"content":{"rendered":"<p style=\"text-align: justify;\">Por volta das 13:00hs do \u00faltimo s\u00e1bado, 20, Lu\u00eds Concei\u00e7\u00e3o de Carvalho, 25\u00a0 anos, morador do povoado Raso, em Nova Soure-BA, foi preso em flagrante, quando tentava cometer um roubo, na Rua Marechal Deodoro, Centro da referida cidade.<!--more--><\/p>\n<p style=\"text-align: justify;\"><img decoding=\"async\" class=\"size-full wp-image-2814 alignleft\" src=\"http:\/\/www.portalalerta.com.br\/wp-content\/uploads\/2017\/11\/banner9.png\" alt=\"\" width=\"270\" height=\"174\" srcset=\"https:\/\/www.portalalerta.com.br\/wp-content\/uploads\/2017\/11\/banner9.png 270w, https:\/\/www.portalalerta.com.br\/wp-content\/uploads\/2017\/11\/banner9-227x146.png 227w, https:\/\/www.portalalerta.com.br\/wp-content\/uploads\/2017\/11\/banner9-50x32.png 50w, https:\/\/www.portalalerta.com.br\/wp-content\/uploads\/2017\/11\/banner9-116x75.png 116w\" sizes=\"(max-width: 270px) 100vw, 270px\" \/>O flagrante foi registrado, no momento em que policiais militares do 1\u00ba Pelot\u00e3o realizavam rondas de rotina pelo centro da cidade, e ao transitarem na rua em quest\u00e3o, perceberam que o suspeito estava muito pr\u00f3ximo da v\u00edtima, uma mulher cujo nome n\u00e3o foi divulgado por quest\u00f5es de seguran\u00e7a. A mulher passou a gritar, chamando a aten\u00e7\u00e3o dos policiais, afirmando ela estava sendo v\u00edtima de um assalto.<\/p>\n<p style=\"text-align: justify;\">O suspeito tentou fugir, por\u00e9m ao tentar pular uma cerca de arame farpado, foi alcan\u00e7ado pelos militares. Em seguida, tanto Lu\u00eds Concei\u00e7\u00e3o, quanto a v\u00edtima, foram conduzidos para a Delegacia de Pol\u00edcia Civil local, de onde foram levados para a Central de Flagrantes em Ribeira do Pombal, para a lavratura da ocorr\u00eancia.<\/p>\n<figure id=\"attachment_4104\" aria-describedby=\"caption-attachment-4104\" style=\"width: 550px\" class=\"wp-caption aligncenter\"><img fetchpriority=\"high\" decoding=\"async\" class=\"size-full wp-image-4104\" src=\"http:\/\/www.portalalerta.com.br\/wp-content\/uploads\/2018\/01\/Lu\u00eds-Concei\u00e7\u00e3oi-de-Carvalho.jpg\" alt=\"\" width=\"550\" height=\"500\" srcset=\"https:\/\/www.portalalerta.com.br\/wp-content\/uploads\/2018\/01\/Lu\u00eds-Concei\u00e7\u00e3oi-de-Carvalho.jpg 550w, https:\/\/www.portalalerta.com.br\/wp-content\/uploads\/2018\/01\/Lu\u00eds-Concei\u00e7\u00e3oi-de-Carvalho-264x240.jpg 264w, https:\/\/www.portalalerta.com.br\/wp-content\/uploads\/2018\/01\/Lu\u00eds-Concei\u00e7\u00e3oi-de-Carvalho-161x146.jpg 161w, https:\/\/www.portalalerta.com.br\/wp-content\/uploads\/2018\/01\/Lu\u00eds-Concei\u00e7\u00e3oi-de-Carvalho-50x45.jpg 50w, https:\/\/www.portalalerta.com.br\/wp-content\/uploads\/2018\/01\/Lu\u00eds-Concei\u00e7\u00e3oi-de-Carvalho-83x75.jpg 83w\" sizes=\"(max-width: 550px) 100vw, 550px\" \/><figcaption id=\"caption-attachment-4104\" class=\"wp-caption-text\">Lu\u00eds foi flagrado tentando cometer um roubo, em Nova Soure-BA<\/figcaption><\/figure>\n<p style=\"text-align: justify;\"><a href=\"http:\/\/www.facebook.com.br\/pombalalerta\"><strong>Curta nossa p\u00e1gina no facebook, e continue atualizado sobre tudo o que acontece em sua cidade!<\/strong><\/a><\/p>\n<p style=\"text-align: justify;\"><a href=\"https:\/\/play.google.com\/store\/apps\/details?id=com.globalstore.pombalalerta&amp;hl=pt_BR\"><strong>Baixe o nosso aplicativo, e fique de olho na not\u00edcia!<\/strong><\/a><\/p>\n<p style=\"text-align: justify;\"><em>Reda\u00e7\u00e3o: Portal Alerta<\/em><\/p>\n","protected":false},"excerpt":{"rendered":"<p>Por volta das 13:00hs do \u00faltimo s\u00e1bado, 20, Lu\u00eds Concei\u00e7\u00e3o de Carvalho, 25\u00a0 anos, morador do povoado Raso, em Nova Soure-BA, foi preso em flagrante, quando tentava cometer um roubo, na Rua Marechal Deodoro, Centro da referida cidade.<\/p>\n","protected":false},"author":2,"featured_media":4105,"comment_status":"closed","ping_status":"open","sticky":false,"template":"","format":"standard","meta":{"om_disable_all_campaigns":false,"_monsterinsights_skip_tracking":false,"_monsterinsights_sitenote_active":false,"_monsterinsights_sitenote_note":"","_monsterinsights_sitenote_category":0,"footnotes":""},"categories":[70,69,14,32,22],"tags":[87,106,79,77,367,468],"class_list":["post-4103","post","type-post","status-publish","format-standard","has-post-thumbnail","hentry","category-destaques","category-noticias2","category-nova-soure","category-regiao","category-seguranca","tag-1o-pelotao","tag-nova-soure","tag-policia-militar","tag-preso","tag-roubo","tag-tentativa-de-roubo"],"aioseo_notices":[],"_links":{"self":[{"href":"https:\/\/www.portalalerta.com.br\/index.php\/wp-json\/wp\/v2\/posts\/4103","targetHints":{"allow":["GET"]}}],"collection":[{"href":"https:\/\/www.portalalerta.com.br\/index.php\/wp-json\/wp\/v2\/posts"}],"about":[{"href":"https:\/\/www.portalalerta.com.br\/index.php\/wp-json\/wp\/v2\/types\/post"}],"author":[{"embeddable":true,"href":"https:\/\/www.portalalerta.com.br\/index.php\/wp-json\/wp\/v2\/users\/2"}],"replies":[{"embeddable":true,"href":"https:\/\/www.portalalerta.com.br\/index.php\/wp-json\/wp\/v2\/comments?post=4103"}],"version-history":[{"count":0,"href":"https:\/\/www.portalalerta.com.br\/index.php\/wp-json\/wp\/v2\/posts\/4103\/revisions"}],"wp:featuredmedia":[{"embeddable":true,"href":"https:\/\/www.portalalerta.com.br\/index.php\/wp-json\/wp\/v2\/media\/4105"}],"wp:attachment":[{"href":"https:\/\/www.portalalerta.com.br\/index.php\/wp-json\/wp\/v2\/media?parent=4103"}],"wp:term":[{"taxonomy":"category","embeddable":true,"href":"https:\/\/www.portalalerta.com.br\/index.php\/wp-json\/wp\/v2\/categories?post=4103"},{"taxonomy":"post_tag","embeddable":true,"href":"https:\/\/www.portalalerta.com.br\/index.php\/wp-json\/wp\/v2\/tags?post=4103"}],"curies":[{"name":"wp","href":"https:\/\/api.w.org\/{rel}","templated":true}]}}