{"id":41030,"date":"2022-02-14T07:00:00","date_gmt":"2022-02-14T10:00:00","guid":{"rendered":"https:\/\/www.portalalerta.com.br\/?p=41030"},"modified":"2022-02-13T15:18:55","modified_gmt":"2022-02-13T18:18:55","slug":"litoral-cearense-tem-64-praias-com-novas-manchas-de-oleo-em-epoca-de-desova-de-tartarugas","status":"publish","type":"post","link":"https:\/\/www.portalalerta.com.br\/index.php\/2022\/02\/14\/litoral-cearense-tem-64-praias-com-novas-manchas-de-oleo-em-epoca-de-desova-de-tartarugas\/","title":{"rendered":"Litoral cearense tem 64 praias com novas manchas de \u00f3leo, em \u00e9poca de desova de tartarugas"},"content":{"rendered":"\n<p>Material \u00e9 diferente do registrado na faixa litor\u00e2nea do Nordeste em 2019<\/p>\n\n\n\n<!--more-->\n\n\n\n<p>A Secretaria do Meio Ambiente do Cear\u00e1 (Semace) registrou, na \u00faltima sexta-feira (11), um total de 64 praias do litoral cearense com manchas de \u00f3leo. Novo levantamento ser\u00e1 divulgado na segunda-feira (14).&nbsp;<\/p>\n\n\n\n<div class=\"wp-block-image\"><figure class=\"aligncenter size-full\"><img fetchpriority=\"high\" decoding=\"async\" width=\"720\" height=\"181\" src=\"https:\/\/www.portalalerta.com.br\/wp-content\/uploads\/2018\/02\/Auto-Escola-Nobre.jpg\" alt=\"\" class=\"wp-image-4869\" srcset=\"https:\/\/www.portalalerta.com.br\/wp-content\/uploads\/2018\/02\/Auto-Escola-Nobre.jpg 720w, https:\/\/www.portalalerta.com.br\/wp-content\/uploads\/2018\/02\/Auto-Escola-Nobre-260x65.jpg 260w, https:\/\/www.portalalerta.com.br\/wp-content\/uploads\/2018\/02\/Auto-Escola-Nobre-50x13.jpg 50w, https:\/\/www.portalalerta.com.br\/wp-content\/uploads\/2018\/02\/Auto-Escola-Nobre-150x38.jpg 150w\" sizes=\"(max-width: 720px) 100vw, 720px\" \/><\/figure><\/div>\n\n\n\n<p>Segundo informa\u00e7\u00f5es da Ag\u00eancia Brasil, a secretaria alerta que a limpeza das praias deve ser feita o mais rapidamente poss\u00edvel, uma vez que esta \u00e9 uma \u00e9poca de desova de tartarugas.<\/p>\n\n\n\n<p>A Marinha do Brasil e o Instituto de Ci\u00eancias do Mar, da Universidade Federal do Cear\u00e1 (UFC), coletaram amostras para analisar a origem do \u00f3leo. J\u00e1 se sabe que n\u00e3o \u00e9 o mesmo material encontrado na faixa litor\u00e2nea do Nordeste em 2019, segundo estudo da Universidade Federal da Bahia (UFBA) com a Universidade Estadual do Cear\u00e1 (Uece).<\/p>\n\n\n\n<p>Na sexta, a Coordena\u00e7\u00e3o Geral de Emerg\u00eancias Ambientais do Instituto Brasileiro do Meio Ambiente e dos Recursos Naturais Renov\u00e1veis (Ibama) enviou uma aeronave, a Poseidon, ao estado para monitorar a costa cearense e identificar \u00f3leo na superf\u00edcie do mar.&nbsp;<\/p>\n\n\n\n<p><em>Fonte: Metro1<\/em><\/p>\n","protected":false},"excerpt":{"rendered":"<p>Material \u00e9 diferente do registrado na faixa litor\u00e2nea do Nordeste em 2019<\/p>\n","protected":false},"author":2,"featured_media":41032,"comment_status":"open","ping_status":"open","sticky":false,"template":"","format":"standard","meta":{"om_disable_all_campaigns":false,"_monsterinsights_skip_tracking":false,"_monsterinsights_sitenote_active":false,"_monsterinsights_sitenote_note":"","_monsterinsights_sitenote_category":0,"footnotes":""},"categories":[34,70,69],"tags":[93,529,5239],"class_list":["post-41030","post","type-post","status-publish","format-standard","has-post-thumbnail","hentry","category-brasil","category-destaques","category-noticias2","tag-brasil","tag-ceara","tag-mancha-de-oleo"],"aioseo_notices":[],"_links":{"self":[{"href":"https:\/\/www.portalalerta.com.br\/index.php\/wp-json\/wp\/v2\/posts\/41030","targetHints":{"allow":["GET"]}}],"collection":[{"href":"https:\/\/www.portalalerta.com.br\/index.php\/wp-json\/wp\/v2\/posts"}],"about":[{"href":"https:\/\/www.portalalerta.com.br\/index.php\/wp-json\/wp\/v2\/types\/post"}],"author":[{"embeddable":true,"href":"https:\/\/www.portalalerta.com.br\/index.php\/wp-json\/wp\/v2\/users\/2"}],"replies":[{"embeddable":true,"href":"https:\/\/www.portalalerta.com.br\/index.php\/wp-json\/wp\/v2\/comments?post=41030"}],"version-history":[{"count":1,"href":"https:\/\/www.portalalerta.com.br\/index.php\/wp-json\/wp\/v2\/posts\/41030\/revisions"}],"predecessor-version":[{"id":41033,"href":"https:\/\/www.portalalerta.com.br\/index.php\/wp-json\/wp\/v2\/posts\/41030\/revisions\/41033"}],"wp:featuredmedia":[{"embeddable":true,"href":"https:\/\/www.portalalerta.com.br\/index.php\/wp-json\/wp\/v2\/media\/41032"}],"wp:attachment":[{"href":"https:\/\/www.portalalerta.com.br\/index.php\/wp-json\/wp\/v2\/media?parent=41030"}],"wp:term":[{"taxonomy":"category","embeddable":true,"href":"https:\/\/www.portalalerta.com.br\/index.php\/wp-json\/wp\/v2\/categories?post=41030"},{"taxonomy":"post_tag","embeddable":true,"href":"https:\/\/www.portalalerta.com.br\/index.php\/wp-json\/wp\/v2\/tags?post=41030"}],"curies":[{"name":"wp","href":"https:\/\/api.w.org\/{rel}","templated":true}]}}