{"id":41034,"date":"2022-02-14T07:01:00","date_gmt":"2022-02-14T10:01:00","guid":{"rendered":"https:\/\/www.portalalerta.com.br\/?p=41034"},"modified":"2022-02-13T15:25:34","modified_gmt":"2022-02-13T18:25:34","slug":"programa-sorria-pombal-leva-odontomovel-a-povoados","status":"publish","type":"post","link":"https:\/\/www.portalalerta.com.br\/index.php\/2022\/02\/14\/programa-sorria-pombal-leva-odontomovel-a-povoados\/","title":{"rendered":"Programa Sorria Pombal leva Odontom\u00f3vel a povoados"},"content":{"rendered":"\n<p>Neste m\u00eas de fevereiro, o programa Sorria Pombal vai atender na regi\u00e3o do Povoado Po\u00e7o, com um Consult\u00f3rio Odontol\u00f3gico M\u00f3vel, o Odontom\u00f3vel, oferecendo servi\u00e7os de extra\u00e7\u00e3o, aplica\u00e7\u00e3o de fl\u00faor, confec\u00e7\u00e3o e pr\u00f3teses.<\/p>\n\n\n\n<!--more-->\n\n\n\n<div class=\"wp-block-image\"><figure class=\"alignleft size-large is-resized\"><img fetchpriority=\"high\" decoding=\"async\" src=\"https:\/\/www.portalalerta.com.br\/wp-content\/uploads\/2021\/10\/Cred-Real-1024x1024.jpeg\" alt=\"\" class=\"wp-image-38729\" width=\"425\" height=\"425\" srcset=\"https:\/\/www.portalalerta.com.br\/wp-content\/uploads\/2021\/10\/Cred-Real-1024x1024.jpeg 1024w, https:\/\/www.portalalerta.com.br\/wp-content\/uploads\/2021\/10\/Cred-Real-240x240.jpeg 240w, https:\/\/www.portalalerta.com.br\/wp-content\/uploads\/2021\/10\/Cred-Real-768x768.jpeg 768w, https:\/\/www.portalalerta.com.br\/wp-content\/uploads\/2021\/10\/Cred-Real-1536x1536.jpeg 1536w, https:\/\/www.portalalerta.com.br\/wp-content\/uploads\/2021\/10\/Cred-Real-146x146.jpeg 146w, https:\/\/www.portalalerta.com.br\/wp-content\/uploads\/2021\/10\/Cred-Real-50x50.jpeg 50w, https:\/\/www.portalalerta.com.br\/wp-content\/uploads\/2021\/10\/Cred-Real-75x75.jpeg 75w, https:\/\/www.portalalerta.com.br\/wp-content\/uploads\/2021\/10\/Cred-Real-85x85.jpeg 85w, https:\/\/www.portalalerta.com.br\/wp-content\/uploads\/2021\/10\/Cred-Real-80x80.jpeg 80w, https:\/\/www.portalalerta.com.br\/wp-content\/uploads\/2021\/10\/Cred-Real.jpeg 1920w\" sizes=\"(max-width: 425px) 100vw, 425px\" \/><\/figure><\/div>\n\n\n\n<p>Os atendimentos come\u00e7ar\u00e3o no Povoado Ver\u00edssimo, dia 14, a partir das 8h, em seguida a equipe se desloca para o Povoado Po\u00e7o e finaliza a temporada na comunidade Barro Vermelho, sendo que a etapa, em cada localidade, s\u00f3 ser\u00e1 finalizada quando atender todas as demandas da comunidade. Para realizar a marca\u00e7\u00e3o do atendimento os moradores devem procurar a sua Unidade de Sa\u00fade.<\/p>\n\n\n\n<p><em>Fonte: SECOM\/ Ribeira do Pombal<\/em><\/p>\n","protected":false},"excerpt":{"rendered":"<p>Neste m\u00eas de fevereiro, o programa Sorria Pombal vai atender na regi\u00e3o do Povoado Po\u00e7o, com um Consult\u00f3rio Odontol\u00f3gico M\u00f3vel, o Odontom\u00f3vel, oferecendo servi\u00e7os de extra\u00e7\u00e3o, aplica\u00e7\u00e3o de fl\u00faor, confec\u00e7\u00e3o e pr\u00f3teses.<\/p>\n","protected":false},"author":2,"featured_media":41035,"comment_status":"open","ping_status":"open","sticky":false,"template":"","format":"standard","meta":{"om_disable_all_campaigns":false,"_monsterinsights_skip_tracking":false,"_monsterinsights_sitenote_active":false,"_monsterinsights_sitenote_note":"","_monsterinsights_sitenote_category":0,"footnotes":""},"categories":[70,69,32,3,19],"tags":[5241,47,1528,5240],"class_list":["post-41034","post","type-post","status-publish","format-standard","has-post-thumbnail","hentry","category-destaques","category-noticias2","category-regiao","category-ribeira-do-pombal","category-saude","tag-odontomovel","tag-ribeira-do-pombal","tag-saude-bucal","tag-sorria-pombal"],"aioseo_notices":[],"_links":{"self":[{"href":"https:\/\/www.portalalerta.com.br\/index.php\/wp-json\/wp\/v2\/posts\/41034","targetHints":{"allow":["GET"]}}],"collection":[{"href":"https:\/\/www.portalalerta.com.br\/index.php\/wp-json\/wp\/v2\/posts"}],"about":[{"href":"https:\/\/www.portalalerta.com.br\/index.php\/wp-json\/wp\/v2\/types\/post"}],"author":[{"embeddable":true,"href":"https:\/\/www.portalalerta.com.br\/index.php\/wp-json\/wp\/v2\/users\/2"}],"replies":[{"embeddable":true,"href":"https:\/\/www.portalalerta.com.br\/index.php\/wp-json\/wp\/v2\/comments?post=41034"}],"version-history":[{"count":1,"href":"https:\/\/www.portalalerta.com.br\/index.php\/wp-json\/wp\/v2\/posts\/41034\/revisions"}],"predecessor-version":[{"id":41036,"href":"https:\/\/www.portalalerta.com.br\/index.php\/wp-json\/wp\/v2\/posts\/41034\/revisions\/41036"}],"wp:featuredmedia":[{"embeddable":true,"href":"https:\/\/www.portalalerta.com.br\/index.php\/wp-json\/wp\/v2\/media\/41035"}],"wp:attachment":[{"href":"https:\/\/www.portalalerta.com.br\/index.php\/wp-json\/wp\/v2\/media?parent=41034"}],"wp:term":[{"taxonomy":"category","embeddable":true,"href":"https:\/\/www.portalalerta.com.br\/index.php\/wp-json\/wp\/v2\/categories?post=41034"},{"taxonomy":"post_tag","embeddable":true,"href":"https:\/\/www.portalalerta.com.br\/index.php\/wp-json\/wp\/v2\/tags?post=41034"}],"curies":[{"name":"wp","href":"https:\/\/api.w.org\/{rel}","templated":true}]}}