{"id":41037,"date":"2022-02-14T07:02:00","date_gmt":"2022-02-14T10:02:00","guid":{"rendered":"https:\/\/www.portalalerta.com.br\/?p=41037"},"modified":"2022-02-13T15:37:21","modified_gmt":"2022-02-13T18:37:21","slug":"governo-cancela-viagem-de-mario-frias-para-russia-hungria-e-polonia","status":"publish","type":"post","link":"https:\/\/www.portalalerta.com.br\/index.php\/2022\/02\/14\/governo-cancela-viagem-de-mario-frias-para-russia-hungria-e-polonia\/","title":{"rendered":"Governo cancela viagem de Mario Frias para R\u00fassia, Hungria e Pol\u00f4nia"},"content":{"rendered":"\n<p>O governo federal informou na noite de s\u00e1bado (12) que decidiu cancelar a viagem do secret\u00e1rio especial de Cultura, Mario Frias, e de assessores da pasta \u00e0 R\u00fassia, Hungria e Pol\u00f4nia. O cancelamento foi determinado um dia ap\u00f3s o Minist\u00e9rio P\u00fablico pedir ao Tribunal de Contas da Uni\u00e3o (TCU) que apure a viagem de Mario Frias para Nova Iorque em dezembro de 2021.&nbsp;<\/p>\n\n\n\n<!--more-->\n\n\n\n<div class=\"wp-block-image\"><figure class=\"alignleft size-full is-resized\"><img fetchpriority=\"high\" decoding=\"async\" src=\"https:\/\/www.portalalerta.com.br\/wp-content\/uploads\/2021\/04\/ELAB.jpg\" alt=\"\" class=\"wp-image-34795\" width=\"466\" height=\"372\" srcset=\"https:\/\/www.portalalerta.com.br\/wp-content\/uploads\/2021\/04\/ELAB.jpg 1000w, https:\/\/www.portalalerta.com.br\/wp-content\/uploads\/2021\/04\/ELAB-300x240.jpg 300w, https:\/\/www.portalalerta.com.br\/wp-content\/uploads\/2021\/04\/ELAB-768x614.jpg 768w, https:\/\/www.portalalerta.com.br\/wp-content\/uploads\/2021\/04\/ELAB-183x146.jpg 183w, https:\/\/www.portalalerta.com.br\/wp-content\/uploads\/2021\/04\/ELAB-50x40.jpg 50w, https:\/\/www.portalalerta.com.br\/wp-content\/uploads\/2021\/04\/ELAB-94x75.jpg 94w\" sizes=\"(max-width: 466px) 100vw, 466px\" \/><\/figure><\/div>\n\n\n\n<p>O grupo viajaria com a comitiva do presidente Jair Bolsonaro, que embarca em miss\u00e3o oficial para R\u00fassia e Hungria nesta segunda-feira (14). O cancelamento foi revelado pelo jornalista Lauro Jardim do jornal O Globo.<\/p>\n\n\n\n<p>De acordo com o colunista, a viagem duraria dez dias, e Mario Frias viajaria com quatro assessores: o secret\u00e1rio-adjunto, H\u00e9lio Ferraz; o chefe de gabinete, Raphael Azevedo; o secret\u00e1rio de Fomento, Andr\u00e9 Porci\u00fancula, e o secret\u00e1rio de Audiovisual, Felipe Pedri.<\/p>\n\n\n\n<p><strong><em>&#8220;Devido a orienta\u00e7\u00e3o da presid\u00eancia, que solicitou a redu\u00e7\u00e3o da comitiva de todos os minist\u00e9rios que iriam para as agendas na R\u00fassia e Hungria, n\u00e3o havia mais sentido manter a viagem para agenda apenas na Pol\u00f4nia, sendo cancelada a viagem para remarcar em outra data&#8221;<\/em><\/strong>, informou a Secretaria de Cultura em nota.<\/p>\n\n\n\n<p><em>Fonte: Bahia Not\u00edcias<\/em><\/p>\n","protected":false},"excerpt":{"rendered":"<p>O governo federal informou na noite de s\u00e1bado (12) que decidiu cancelar a viagem do secret\u00e1rio especial de Cultura, Mario Frias, e de assessores da pasta \u00e0 R\u00fassia, Hungria e Pol\u00f4nia. O cancelamento foi determinado um dia ap\u00f3s o Minist\u00e9rio P\u00fablico pedir ao Tribunal de Contas da Uni\u00e3o (TCU) que apure a viagem de Mario &hellip;<\/p>\n","protected":false},"author":2,"featured_media":31222,"comment_status":"open","ping_status":"open","sticky":false,"template":"","format":"standard","meta":{"om_disable_all_campaigns":false,"_monsterinsights_skip_tracking":false,"_monsterinsights_sitenote_active":false,"_monsterinsights_sitenote_note":"","_monsterinsights_sitenote_category":0,"footnotes":""},"categories":[34,70,35,69,21],"tags":[93,5242,3746,1270,826],"class_list":["post-41037","post","type-post","status-publish","format-standard","has-post-thumbnail","hentry","category-brasil","category-destaques","category-mundo","category-noticias2","category-politica","tag-brasil","tag-hungria","tag-mario-frias","tag-polonia","tag-russia"],"aioseo_notices":[],"_links":{"self":[{"href":"https:\/\/www.portalalerta.com.br\/index.php\/wp-json\/wp\/v2\/posts\/41037","targetHints":{"allow":["GET"]}}],"collection":[{"href":"https:\/\/www.portalalerta.com.br\/index.php\/wp-json\/wp\/v2\/posts"}],"about":[{"href":"https:\/\/www.portalalerta.com.br\/index.php\/wp-json\/wp\/v2\/types\/post"}],"author":[{"embeddable":true,"href":"https:\/\/www.portalalerta.com.br\/index.php\/wp-json\/wp\/v2\/users\/2"}],"replies":[{"embeddable":true,"href":"https:\/\/www.portalalerta.com.br\/index.php\/wp-json\/wp\/v2\/comments?post=41037"}],"version-history":[{"count":1,"href":"https:\/\/www.portalalerta.com.br\/index.php\/wp-json\/wp\/v2\/posts\/41037\/revisions"}],"predecessor-version":[{"id":41038,"href":"https:\/\/www.portalalerta.com.br\/index.php\/wp-json\/wp\/v2\/posts\/41037\/revisions\/41038"}],"wp:featuredmedia":[{"embeddable":true,"href":"https:\/\/www.portalalerta.com.br\/index.php\/wp-json\/wp\/v2\/media\/31222"}],"wp:attachment":[{"href":"https:\/\/www.portalalerta.com.br\/index.php\/wp-json\/wp\/v2\/media?parent=41037"}],"wp:term":[{"taxonomy":"category","embeddable":true,"href":"https:\/\/www.portalalerta.com.br\/index.php\/wp-json\/wp\/v2\/categories?post=41037"},{"taxonomy":"post_tag","embeddable":true,"href":"https:\/\/www.portalalerta.com.br\/index.php\/wp-json\/wp\/v2\/tags?post=41037"}],"curies":[{"name":"wp","href":"https:\/\/api.w.org\/{rel}","templated":true}]}}