{"id":41056,"date":"2022-02-14T18:02:00","date_gmt":"2022-02-14T21:02:00","guid":{"rendered":"https:\/\/www.portalalerta.com.br\/?p=41056"},"modified":"2022-02-14T16:55:39","modified_gmt":"2022-02-14T19:55:39","slug":"governo-e-congresso-acionam-tse-para-ver-se-e-legal-reduzir-impostos-sobre-os-combustiveis","status":"publish","type":"post","link":"https:\/\/www.portalalerta.com.br\/index.php\/2022\/02\/14\/governo-e-congresso-acionam-tse-para-ver-se-e-legal-reduzir-impostos-sobre-os-combustiveis\/","title":{"rendered":"Governo e Congresso acionam TSE para ver se \u00e9 legal reduzir impostos sobre os combust\u00edveis"},"content":{"rendered":"\n<p>D\u00favida foi levantada pela equipe jur\u00eddica do Planalto, que teme que este tipo de benef\u00edcio possa ferir a legisla\u00e7\u00e3o eleitoral no ano em que o presidente busca a reelei\u00e7\u00e3o<\/p>\n\n\n\n<!--more-->\n\n\n\n<div class=\"wp-block-image\"><figure class=\"alignleft size-full is-resized\"><img fetchpriority=\"high\" decoding=\"async\" src=\"https:\/\/www.portalalerta.com.br\/wp-content\/uploads\/2021\/04\/ELAB.jpg\" alt=\"\" class=\"wp-image-34795\" width=\"416\" height=\"332\" srcset=\"https:\/\/www.portalalerta.com.br\/wp-content\/uploads\/2021\/04\/ELAB.jpg 1000w, https:\/\/www.portalalerta.com.br\/wp-content\/uploads\/2021\/04\/ELAB-300x240.jpg 300w, https:\/\/www.portalalerta.com.br\/wp-content\/uploads\/2021\/04\/ELAB-768x614.jpg 768w, https:\/\/www.portalalerta.com.br\/wp-content\/uploads\/2021\/04\/ELAB-183x146.jpg 183w, https:\/\/www.portalalerta.com.br\/wp-content\/uploads\/2021\/04\/ELAB-50x40.jpg 50w, https:\/\/www.portalalerta.com.br\/wp-content\/uploads\/2021\/04\/ELAB-94x75.jpg 94w\" sizes=\"(max-width: 416px) 100vw, 416px\" \/><\/figure><\/div>\n\n\n\n<p>O governo do presidente Jair Bolsonaro (PL) e a c\u00fapula do Congresso v\u00e3o apresentar uma consulta formal ao TSE (Tribunal Superior Eleitoral) para esclarecer se \u00e9 poss\u00edvel reduzir o pre\u00e7o do combust\u00edvel sem ferir a lei eleitoral.<\/p>\n\n\n\n<p>Os ministros Ciro Nogueira (Casa Civil) e Bruno Bianco (AGU), acompanhados dos presidentes da C\u00e2mara e do Senado, Arthur Lira (PP-AL) e Rodrigo Pacheco (PSD-MG), t\u00eam audi\u00eancia virtual nesta segunda-feira (14), \u00e0s 19h, com ministros do TSE Edson Fachin, Lu\u00eds Roberto Barroso e Alexandre de Moraes.<\/p>\n\n\n\n<p>A d\u00favida foi levantada pela equipe jur\u00eddica do Planalto, que teme que este tipo de benef\u00edcio possa ferir a legisla\u00e7\u00e3o eleitoral no ano em que o presidente busca sua reelei\u00e7\u00e3o.<\/p>\n\n\n\n<p><em>Fonte: Metro1<\/em><\/p>\n","protected":false},"excerpt":{"rendered":"<p>D\u00favida foi levantada pela equipe jur\u00eddica do Planalto, que teme que este tipo de benef\u00edcio possa ferir a legisla\u00e7\u00e3o eleitoral no ano em que o presidente busca a reelei\u00e7\u00e3o<\/p>\n","protected":false},"author":2,"featured_media":24439,"comment_status":"open","ping_status":"open","sticky":false,"template":"","format":"standard","meta":{"om_disable_all_campaigns":false,"_monsterinsights_skip_tracking":false,"_monsterinsights_sitenote_active":false,"_monsterinsights_sitenote_note":"","_monsterinsights_sitenote_category":0,"footnotes":""},"categories":[34,70,69,21],"tags":[93,273,249,3379,549],"class_list":["post-41056","post","type-post","status-publish","format-standard","has-post-thumbnail","hentry","category-brasil","category-destaques","category-noticias2","category-politica","tag-brasil","tag-combustivel","tag-governo-federal","tag-reducao-de-impostos","tag-tse"],"aioseo_notices":[],"_links":{"self":[{"href":"https:\/\/www.portalalerta.com.br\/index.php\/wp-json\/wp\/v2\/posts\/41056","targetHints":{"allow":["GET"]}}],"collection":[{"href":"https:\/\/www.portalalerta.com.br\/index.php\/wp-json\/wp\/v2\/posts"}],"about":[{"href":"https:\/\/www.portalalerta.com.br\/index.php\/wp-json\/wp\/v2\/types\/post"}],"author":[{"embeddable":true,"href":"https:\/\/www.portalalerta.com.br\/index.php\/wp-json\/wp\/v2\/users\/2"}],"replies":[{"embeddable":true,"href":"https:\/\/www.portalalerta.com.br\/index.php\/wp-json\/wp\/v2\/comments?post=41056"}],"version-history":[{"count":1,"href":"https:\/\/www.portalalerta.com.br\/index.php\/wp-json\/wp\/v2\/posts\/41056\/revisions"}],"predecessor-version":[{"id":41057,"href":"https:\/\/www.portalalerta.com.br\/index.php\/wp-json\/wp\/v2\/posts\/41056\/revisions\/41057"}],"wp:featuredmedia":[{"embeddable":true,"href":"https:\/\/www.portalalerta.com.br\/index.php\/wp-json\/wp\/v2\/media\/24439"}],"wp:attachment":[{"href":"https:\/\/www.portalalerta.com.br\/index.php\/wp-json\/wp\/v2\/media?parent=41056"}],"wp:term":[{"taxonomy":"category","embeddable":true,"href":"https:\/\/www.portalalerta.com.br\/index.php\/wp-json\/wp\/v2\/categories?post=41056"},{"taxonomy":"post_tag","embeddable":true,"href":"https:\/\/www.portalalerta.com.br\/index.php\/wp-json\/wp\/v2\/tags?post=41056"}],"curies":[{"name":"wp","href":"https:\/\/api.w.org\/{rel}","templated":true}]}}