{"id":41067,"date":"2022-02-15T07:02:00","date_gmt":"2022-02-15T10:02:00","guid":{"rendered":"https:\/\/www.portalalerta.com.br\/?p=41067"},"modified":"2022-02-14T22:52:50","modified_gmt":"2022-02-15T01:52:50","slug":"presidente-da-ucrania-diz-ter-ouvido-que-invasao-russa-pode-ocorrer-na-quarta-feira-16","status":"publish","type":"post","link":"https:\/\/www.portalalerta.com.br\/index.php\/2022\/02\/15\/presidente-da-ucrania-diz-ter-ouvido-que-invasao-russa-pode-ocorrer-na-quarta-feira-16\/","title":{"rendered":"Presidente da Ucr\u00e2nia diz ter ouvido que invas\u00e3o russa pode ocorrer na quarta-feira (16)"},"content":{"rendered":"\n<p><strong>R\u00fassia sugeriu que est\u00e1 pronta para continuar conversando com o Ocidente para tentar desarmar a crise de seguran\u00e7a<\/strong><\/p>\n\n\n\n<!--more-->\n\n\n\n<p>O presidente da Ucr\u00e2nia, Volodymyr Zelenskiy, disse nesta segunda-feira (14) que tinha ouvido que quarta-feira (16) pode ser o dia da invas\u00e3o russa ao pa\u00eds, e que vai proclamar a data como dia da unidade nacional ucraniana.<\/p>\n\n\n\n<div class=\"wp-block-image\"><figure class=\"alignleft size-full is-resized\"><img fetchpriority=\"high\" decoding=\"async\" src=\"https:\/\/www.portalalerta.com.br\/wp-content\/uploads\/2021\/04\/ELAB.jpg\" alt=\"\" class=\"wp-image-34795\" width=\"411\" height=\"328\" srcset=\"https:\/\/www.portalalerta.com.br\/wp-content\/uploads\/2021\/04\/ELAB.jpg 1000w, https:\/\/www.portalalerta.com.br\/wp-content\/uploads\/2021\/04\/ELAB-300x240.jpg 300w, https:\/\/www.portalalerta.com.br\/wp-content\/uploads\/2021\/04\/ELAB-768x614.jpg 768w, https:\/\/www.portalalerta.com.br\/wp-content\/uploads\/2021\/04\/ELAB-183x146.jpg 183w, https:\/\/www.portalalerta.com.br\/wp-content\/uploads\/2021\/04\/ELAB-50x40.jpg 50w, https:\/\/www.portalalerta.com.br\/wp-content\/uploads\/2021\/04\/ELAB-94x75.jpg 94w\" sizes=\"(max-width: 411px) 100vw, 411px\" \/><\/figure><\/div>\n\n\n\n<p>Zelenskiy, que vinha minimizando as sugest\u00f5es de que um ataque \u00e9 iminente, n\u00e3o disse quem havia sugerido a data de 16 de fevereiro. No entanto, v\u00e1rios ve\u00edculos de comunica\u00e7\u00e3o dos Estados Unidos relataram na semana passada que Washington acredita que essa \u00e9 a data em que as for\u00e7as russas estariam prontas se o presidente Vladimir Putin desse a ordem de invas\u00e3o.<\/p>\n\n\n\n<p><strong><em>&#8220;Eles nos disseram que 16 de fevereiro ser\u00e1 o dia do ataque. Faremos dele um dia de unidade&#8221;,<\/em><\/strong> disse Zelenskiy em um discurso em v\u00eddeo para a na\u00e7\u00e3o. <strong><em>&#8220;Eles est\u00e3o tentando nos assustar, indicando mais uma vez uma data para o in\u00edcio da a\u00e7\u00e3o militar.&#8221;<\/em><\/strong><\/p>\n\n\n\n<p>Um decreto foi assinado para que sejam penduradas bandeiras nacionais e usadas faixas amarelas e azuis naquele dia, acrescentou.<\/p>\n\n\n\n<p>A R\u00fassia sugeriu nesta segunda-feira que est\u00e1 pronta para continuar conversando com o Ocidente para tentar desarmar a crise de seguran\u00e7a, enquanto os Estados Unidos disseram que Moscou estava aumentando sua capacidade militar a cada dia para um potencial ataque \u00e0 Ucr\u00e2nia.<\/p>\n\n\n\n<p>A R\u00fassia tem mais de 100.000 soldados reunidos perto da fronteira da Ucr\u00e2nia. Moscou nega as acusa\u00e7\u00f5es ocidentais de que est\u00e1 planejando uma invas\u00e3o, mas diz que poderia tomar medidas t\u00e9cnico-militares n\u00e3o especificadas, a menos que uma s\u00e9rie de exig\u00eancias seja atendida, incluindo impedir a Ucr\u00e2nia de aderir \u00e0 alian\u00e7a militar Otan.<\/p>\n\n\n\n<p><em>Fonte: R7<\/em><\/p>\n","protected":false},"excerpt":{"rendered":"<p>R\u00fassia sugeriu que est\u00e1 pronta para continuar conversando com o Ocidente para tentar desarmar a crise de seguran\u00e7a<\/p>\n","protected":false},"author":2,"featured_media":41068,"comment_status":"open","ping_status":"open","sticky":false,"template":"","format":"standard","meta":{"om_disable_all_campaigns":false,"_monsterinsights_skip_tracking":false,"_monsterinsights_sitenote_active":false,"_monsterinsights_sitenote_note":"","_monsterinsights_sitenote_category":0,"footnotes":""},"categories":[70,35,69,21,22],"tags":[835,339,826,3331],"class_list":["post-41067","post","type-post","status-publish","format-standard","has-post-thumbnail","hentry","category-destaques","category-mundo","category-noticias2","category-politica","category-seguranca","tag-guerra","tag-mundo","tag-russia","tag-ucrania"],"aioseo_notices":[],"_links":{"self":[{"href":"https:\/\/www.portalalerta.com.br\/index.php\/wp-json\/wp\/v2\/posts\/41067","targetHints":{"allow":["GET"]}}],"collection":[{"href":"https:\/\/www.portalalerta.com.br\/index.php\/wp-json\/wp\/v2\/posts"}],"about":[{"href":"https:\/\/www.portalalerta.com.br\/index.php\/wp-json\/wp\/v2\/types\/post"}],"author":[{"embeddable":true,"href":"https:\/\/www.portalalerta.com.br\/index.php\/wp-json\/wp\/v2\/users\/2"}],"replies":[{"embeddable":true,"href":"https:\/\/www.portalalerta.com.br\/index.php\/wp-json\/wp\/v2\/comments?post=41067"}],"version-history":[{"count":1,"href":"https:\/\/www.portalalerta.com.br\/index.php\/wp-json\/wp\/v2\/posts\/41067\/revisions"}],"predecessor-version":[{"id":41069,"href":"https:\/\/www.portalalerta.com.br\/index.php\/wp-json\/wp\/v2\/posts\/41067\/revisions\/41069"}],"wp:featuredmedia":[{"embeddable":true,"href":"https:\/\/www.portalalerta.com.br\/index.php\/wp-json\/wp\/v2\/media\/41068"}],"wp:attachment":[{"href":"https:\/\/www.portalalerta.com.br\/index.php\/wp-json\/wp\/v2\/media?parent=41067"}],"wp:term":[{"taxonomy":"category","embeddable":true,"href":"https:\/\/www.portalalerta.com.br\/index.php\/wp-json\/wp\/v2\/categories?post=41067"},{"taxonomy":"post_tag","embeddable":true,"href":"https:\/\/www.portalalerta.com.br\/index.php\/wp-json\/wp\/v2\/tags?post=41067"}],"curies":[{"name":"wp","href":"https:\/\/api.w.org\/{rel}","templated":true}]}}