{"id":41076,"date":"2022-02-15T11:31:00","date_gmt":"2022-02-15T14:31:00","guid":{"rendered":"https:\/\/www.portalalerta.com.br\/?p=41076"},"modified":"2022-02-14T23:51:08","modified_gmt":"2022-02-15T02:51:08","slug":"euclidense-vence-campeonato-baiano-de-jiu-jitsu-juvenil","status":"publish","type":"post","link":"https:\/\/www.portalalerta.com.br\/index.php\/2022\/02\/15\/euclidense-vence-campeonato-baiano-de-jiu-jitsu-juvenil\/","title":{"rendered":"Euclidense vence Campeonato Baiano de Jiu Jitsu Juvenil"},"content":{"rendered":"\n<p>Competi\u00e7\u00e3o esportiva na modalidade de luta corporal recebe destaque baiano com a conquista da euclidense Maria Eduarda Teles Quirino de Carvalho. Trata-se do t\u00edtulo de campe\u00e3 da 1\u00aa Etapa do Campeonato Baiano de Jiu Jitsu Juvenil B vencida pela atleta de apenas 12 anos.<\/p>\n\n\n\n<!--more-->\n\n\n\n<div class=\"wp-block-image\"><figure class=\"alignleft size-large is-resized\"><img fetchpriority=\"high\" decoding=\"async\" src=\"https:\/\/www.portalalerta.com.br\/wp-content\/uploads\/2021\/10\/Cred-Real-1024x1024.jpeg\" alt=\"\" class=\"wp-image-38729\" width=\"436\" height=\"436\" srcset=\"https:\/\/www.portalalerta.com.br\/wp-content\/uploads\/2021\/10\/Cred-Real-1024x1024.jpeg 1024w, https:\/\/www.portalalerta.com.br\/wp-content\/uploads\/2021\/10\/Cred-Real-240x240.jpeg 240w, https:\/\/www.portalalerta.com.br\/wp-content\/uploads\/2021\/10\/Cred-Real-768x768.jpeg 768w, https:\/\/www.portalalerta.com.br\/wp-content\/uploads\/2021\/10\/Cred-Real-1536x1536.jpeg 1536w, https:\/\/www.portalalerta.com.br\/wp-content\/uploads\/2021\/10\/Cred-Real-146x146.jpeg 146w, https:\/\/www.portalalerta.com.br\/wp-content\/uploads\/2021\/10\/Cred-Real-50x50.jpeg 50w, https:\/\/www.portalalerta.com.br\/wp-content\/uploads\/2021\/10\/Cred-Real-75x75.jpeg 75w, https:\/\/www.portalalerta.com.br\/wp-content\/uploads\/2021\/10\/Cred-Real-85x85.jpeg 85w, https:\/\/www.portalalerta.com.br\/wp-content\/uploads\/2021\/10\/Cred-Real-80x80.jpeg 80w, https:\/\/www.portalalerta.com.br\/wp-content\/uploads\/2021\/10\/Cred-Real.jpeg 1920w\" sizes=\"(max-width: 436px) 100vw, 436px\" \/><\/figure><\/div>\n\n\n\n<p>Maria Eduarda Teles Quirino de Carvalho sagrou-se campe\u00e3 ao vencer sua advers\u00e1ria em uma categoria acima da dela, ap\u00f3s disputar com meninas mais velhas e mais pesadas. O evento aconteceu neste domingo (13) na cidade de Feira de Santana-BA.<\/p>\n\n\n\n<p>Maria Eduarda Teles Quirino de Carvalho \u00e9 natural de Euclides da Cunha; filha de Dr. Jefferson Carneiro e Dra. Daniela Quirino, neta de consagrado empres\u00e1rio Netinho Quirino. Sua bravura d\u00e1 reconhecimento aos senseis, Gabriel Conselho e Neto Conselho, da academia Corrente Conselho, situada na cidade de Euclides da Cunha.<\/p>\n\n\n\n<p>Uma conquista importante para a atleta de apenas 12 anos; mais ainda para o esporte de Euclides da Cunha. Parab\u00e9ns \u00e0 vencedora e seus apoiadores!<\/p>\n\n\n\n<p><em>Fonte: euclidesdacunha.com<\/em><\/p>\n","protected":false},"excerpt":{"rendered":"<p>Competi\u00e7\u00e3o esportiva na modalidade de luta corporal recebe destaque baiano com a conquista da euclidense Maria Eduarda Teles Quirino de Carvalho. Trata-se do t\u00edtulo de campe\u00e3 da 1\u00aa Etapa do Campeonato Baiano de Jiu Jitsu Juvenil B vencida pela atleta de apenas 12 anos.<\/p>\n","protected":false},"author":2,"featured_media":41077,"comment_status":"open","ping_status":"open","sticky":false,"template":"","format":"standard","meta":{"om_disable_all_campaigns":false,"_monsterinsights_skip_tracking":false,"_monsterinsights_sitenote_active":false,"_monsterinsights_sitenote_note":"","_monsterinsights_sitenote_category":0,"footnotes":""},"categories":[33,70,2,17,69,32],"tags":[610,96,129,1221],"class_list":["post-41076","post","type-post","status-publish","format-standard","has-post-thumbnail","hentry","category-bahia","category-destaques","category-esportes","category-euclides-da-cunha","category-noticias2","category-regiao","tag-campeonato-baiano","tag-esporte","tag-euclides-da-cunha","tag-jiu-jitsu"],"aioseo_notices":[],"_links":{"self":[{"href":"https:\/\/www.portalalerta.com.br\/index.php\/wp-json\/wp\/v2\/posts\/41076","targetHints":{"allow":["GET"]}}],"collection":[{"href":"https:\/\/www.portalalerta.com.br\/index.php\/wp-json\/wp\/v2\/posts"}],"about":[{"href":"https:\/\/www.portalalerta.com.br\/index.php\/wp-json\/wp\/v2\/types\/post"}],"author":[{"embeddable":true,"href":"https:\/\/www.portalalerta.com.br\/index.php\/wp-json\/wp\/v2\/users\/2"}],"replies":[{"embeddable":true,"href":"https:\/\/www.portalalerta.com.br\/index.php\/wp-json\/wp\/v2\/comments?post=41076"}],"version-history":[{"count":1,"href":"https:\/\/www.portalalerta.com.br\/index.php\/wp-json\/wp\/v2\/posts\/41076\/revisions"}],"predecessor-version":[{"id":41078,"href":"https:\/\/www.portalalerta.com.br\/index.php\/wp-json\/wp\/v2\/posts\/41076\/revisions\/41078"}],"wp:featuredmedia":[{"embeddable":true,"href":"https:\/\/www.portalalerta.com.br\/index.php\/wp-json\/wp\/v2\/media\/41077"}],"wp:attachment":[{"href":"https:\/\/www.portalalerta.com.br\/index.php\/wp-json\/wp\/v2\/media?parent=41076"}],"wp:term":[{"taxonomy":"category","embeddable":true,"href":"https:\/\/www.portalalerta.com.br\/index.php\/wp-json\/wp\/v2\/categories?post=41076"},{"taxonomy":"post_tag","embeddable":true,"href":"https:\/\/www.portalalerta.com.br\/index.php\/wp-json\/wp\/v2\/tags?post=41076"}],"curies":[{"name":"wp","href":"https:\/\/api.w.org\/{rel}","templated":true}]}}