{"id":41086,"date":"2022-02-15T18:01:00","date_gmt":"2022-02-15T21:01:00","guid":{"rendered":"https:\/\/www.portalalerta.com.br\/?p=41086"},"modified":"2022-02-15T00:39:00","modified_gmt":"2022-02-15T03:39:00","slug":"acusado-de-homicidio-cometido-ha-mais-de-7-anos-em-conceicao-do-coite-e-preso-pela-policia-civil-em-araci-ba","status":"publish","type":"post","link":"https:\/\/www.portalalerta.com.br\/index.php\/2022\/02\/15\/acusado-de-homicidio-cometido-ha-mais-de-7-anos-em-conceicao-do-coite-e-preso-pela-policia-civil-em-araci-ba\/","title":{"rendered":"Acusado de homic\u00eddio cometido h\u00e1 mais de 7 anos em Concei\u00e7\u00e3o do Coit\u00e9 \u00e9 preso pela Pol\u00edcia Civil em Araci-BA"},"content":{"rendered":"\n<p>Um homem com mandado de pris\u00e3o preventiva em aberto foi localizado pela Pol\u00edcia Civil na manh\u00e3 desta segunda-feira (14), em Araci-BA.<\/p>\n\n\n\n<!--more-->\n\n\n\n<div class=\"wp-block-image\"><figure class=\"alignleft size-large is-resized\"><img fetchpriority=\"high\" decoding=\"async\" src=\"https:\/\/www.portalalerta.com.br\/wp-content\/uploads\/2021\/10\/Cred-Real-1024x1024.jpeg\" alt=\"\" class=\"wp-image-38729\" width=\"414\" height=\"414\" srcset=\"https:\/\/www.portalalerta.com.br\/wp-content\/uploads\/2021\/10\/Cred-Real-1024x1024.jpeg 1024w, https:\/\/www.portalalerta.com.br\/wp-content\/uploads\/2021\/10\/Cred-Real-240x240.jpeg 240w, https:\/\/www.portalalerta.com.br\/wp-content\/uploads\/2021\/10\/Cred-Real-768x768.jpeg 768w, https:\/\/www.portalalerta.com.br\/wp-content\/uploads\/2021\/10\/Cred-Real-1536x1536.jpeg 1536w, https:\/\/www.portalalerta.com.br\/wp-content\/uploads\/2021\/10\/Cred-Real-146x146.jpeg 146w, https:\/\/www.portalalerta.com.br\/wp-content\/uploads\/2021\/10\/Cred-Real-50x50.jpeg 50w, https:\/\/www.portalalerta.com.br\/wp-content\/uploads\/2021\/10\/Cred-Real-75x75.jpeg 75w, https:\/\/www.portalalerta.com.br\/wp-content\/uploads\/2021\/10\/Cred-Real-85x85.jpeg 85w, https:\/\/www.portalalerta.com.br\/wp-content\/uploads\/2021\/10\/Cred-Real-80x80.jpeg 80w, https:\/\/www.portalalerta.com.br\/wp-content\/uploads\/2021\/10\/Cred-Real.jpeg 1920w\" sizes=\"(max-width: 414px) 100vw, 414px\" \/><\/figure><\/div>\n\n\n\n<p>De acordo com a pol\u00edcia, ele era considerado foragido por um homic\u00eddio ocorrido no dia 24 de outubro de 2014, em Concei\u00e7\u00e3o do Coit\u00e9, que fica na mesma regi\u00e3o.<\/p>\n\n\n\n<p>O acusado, de 43 anos, foi encontrado ap\u00f3s a\u00e7\u00e3o de intelig\u00eancia feita entre policiais civis das duas cidades. N\u00e3o h\u00e1 detalhes sobre o crime, que teve como v\u00edtima Janielson da Silva Oliveira.<\/p>\n\n\n\n<p>Conforme a pol\u00edcia, o acusado estava morando no povoado Jaconias, zona rural de Araci. Ele foi encaminhado \u00e0 sede regional da Pol\u00edcia Civil em Serrinha, onde permaneceu \u00e0 disposi\u00e7\u00e3o da Justi\u00e7a.<\/p>\n\n\n\n<p><em>Fonte: Not\u00edcias de Santaluz<\/em><em><\/em><\/p>\n","protected":false},"excerpt":{"rendered":"<p>Um homem com mandado de pris\u00e3o preventiva em aberto foi localizado pela Pol\u00edcia Civil na manh\u00e3 desta segunda-feira (14), em Araci-BA.<\/p>\n","protected":false},"author":2,"featured_media":20567,"comment_status":"open","ping_status":"open","sticky":false,"template":"","format":"standard","meta":{"om_disable_all_campaigns":false,"_monsterinsights_skip_tracking":false,"_monsterinsights_sitenote_active":false,"_monsterinsights_sitenote_note":"","_monsterinsights_sitenote_category":0,"footnotes":""},"categories":[41,33,70,69,32,22],"tags":[48,700,258,206,122,77],"class_list":["post-41086","post","type-post","status-publish","format-standard","has-post-thumbnail","hentry","category-araci","category-bahia","category-destaques","category-noticias2","category-regiao","category-seguranca","tag-araci","tag-conceicao-do-coite","tag-homicida","tag-homicidio","tag-policia-civil","tag-preso"],"aioseo_notices":[],"_links":{"self":[{"href":"https:\/\/www.portalalerta.com.br\/index.php\/wp-json\/wp\/v2\/posts\/41086","targetHints":{"allow":["GET"]}}],"collection":[{"href":"https:\/\/www.portalalerta.com.br\/index.php\/wp-json\/wp\/v2\/posts"}],"about":[{"href":"https:\/\/www.portalalerta.com.br\/index.php\/wp-json\/wp\/v2\/types\/post"}],"author":[{"embeddable":true,"href":"https:\/\/www.portalalerta.com.br\/index.php\/wp-json\/wp\/v2\/users\/2"}],"replies":[{"embeddable":true,"href":"https:\/\/www.portalalerta.com.br\/index.php\/wp-json\/wp\/v2\/comments?post=41086"}],"version-history":[{"count":1,"href":"https:\/\/www.portalalerta.com.br\/index.php\/wp-json\/wp\/v2\/posts\/41086\/revisions"}],"predecessor-version":[{"id":41087,"href":"https:\/\/www.portalalerta.com.br\/index.php\/wp-json\/wp\/v2\/posts\/41086\/revisions\/41087"}],"wp:featuredmedia":[{"embeddable":true,"href":"https:\/\/www.portalalerta.com.br\/index.php\/wp-json\/wp\/v2\/media\/20567"}],"wp:attachment":[{"href":"https:\/\/www.portalalerta.com.br\/index.php\/wp-json\/wp\/v2\/media?parent=41086"}],"wp:term":[{"taxonomy":"category","embeddable":true,"href":"https:\/\/www.portalalerta.com.br\/index.php\/wp-json\/wp\/v2\/categories?post=41086"},{"taxonomy":"post_tag","embeddable":true,"href":"https:\/\/www.portalalerta.com.br\/index.php\/wp-json\/wp\/v2\/tags?post=41086"}],"curies":[{"name":"wp","href":"https:\/\/api.w.org\/{rel}","templated":true}]}}