{"id":41088,"date":"2022-02-15T18:02:00","date_gmt":"2022-02-15T21:02:00","guid":{"rendered":"https:\/\/www.portalalerta.com.br\/?p=41088"},"modified":"2022-02-15T00:45:54","modified_gmt":"2022-02-15T03:45:54","slug":"moraes-manda-pgr-opinar-sobre-atuacao-direta-e-relevante-de-bolsonaro-apontada-pela-pf-em-fake-news-sobre-eleicoes","status":"publish","type":"post","link":"https:\/\/www.portalalerta.com.br\/index.php\/2022\/02\/15\/moraes-manda-pgr-opinar-sobre-atuacao-direta-e-relevante-de-bolsonaro-apontada-pela-pf-em-fake-news-sobre-eleicoes\/","title":{"rendered":"Moraes manda PGR opinar sobre &#8216;atua\u00e7\u00e3o direta e relevante&#8217; de Bolsonaro, apontada pela PF, em fake news sobre elei\u00e7\u00f5es"},"content":{"rendered":"\n<p><strong>Ministro tamb\u00e9m determinou que as provas sobre uma &#8216;live&#8217; do presidente com ataques \u00e0s elei\u00e7\u00f5es sejam compartilhadas com policiais que apuram a atua\u00e7\u00e3o de uma mil\u00edcia digital no pa\u00eds.<\/strong><\/p>\n\n\n\n<!--more-->\n\n\n\n<p>O ministro do Supremo Tribunal Federal (STF)&nbsp;<a href=\"https:\/\/g1.globo.com\/tudo-sobre\/alexandre-de-moraes\/\">Alexandre de Moraes<\/a>&nbsp;determinou nesta segunda-feira (14) que a Procuradoria-Geral da Rep\u00fablica se manifeste em 15 dias sobre a conclus\u00e3o da&nbsp;<a href=\"https:\/\/g1.globo.com\/tudo-sobre\/policia-federal\/\">Pol\u00edcia Federal<\/a>&nbsp;de que o presidente&nbsp;<a href=\"https:\/\/g1.globo.com\/politica\/politico\/jair-bolsonaro\/\">Jair Bolsonaro<\/a>&nbsp;teve uma&nbsp;<a href=\"https:\/\/g1.globo.com\/politica\/noticia\/2022\/01\/28\/pf-aponta-elementos-de-atuacao-direta-e-consciente-de-bolsonaro-em-vazamento-de-dados-sigilosos.ghtml\">atua\u00e7\u00e3o &#8220;direta e relevante&#8221; para gerar desinforma\u00e7\u00e3o<\/a>&nbsp;sobre o sistema eleitoral.<\/p>\n\n\n\n<p>Ap\u00f3s ser notificada, a&nbsp;<strong>PGR ter\u00e1 que dizer<\/strong>:<\/p>\n\n\n\n<ul class=\"wp-block-list\"><li>se h\u00e1 elementos ou n\u00e3o para denunciar o presidente,<\/li><li>se \u00e9 o caso de estender as investiga\u00e7\u00f5es, ou<\/li><li>se recomenda o arquivamento do processo.<\/li><\/ul>\n\n\n\n<p>Se optar por denunciar o presidente, caber\u00e1 \u00e0&nbsp;<a href=\"https:\/\/g1.globo.com\/tudo-sobre\/camara-dos-deputados\/\">C\u00e2mara dos Deputados<\/a>&nbsp;avaliar se autoriza a an\u00e1lise da den\u00fancia pelo STF. Caso o STF seja autorizado e entenda que a den\u00fancia \u00e9 cab\u00edvel, o presidente pode se tornar r\u00e9u no Supremo pela conduta.<\/p>\n\n\n\n<div class=\"wp-block-image\"><figure class=\"alignleft size-full is-resized\"><img fetchpriority=\"high\" decoding=\"async\" src=\"https:\/\/www.portalalerta.com.br\/wp-content\/uploads\/2021\/04\/ELAB.jpg\" alt=\"\" class=\"wp-image-34795\" width=\"405\" height=\"323\" srcset=\"https:\/\/www.portalalerta.com.br\/wp-content\/uploads\/2021\/04\/ELAB.jpg 1000w, https:\/\/www.portalalerta.com.br\/wp-content\/uploads\/2021\/04\/ELAB-300x240.jpg 300w, https:\/\/www.portalalerta.com.br\/wp-content\/uploads\/2021\/04\/ELAB-768x614.jpg 768w, https:\/\/www.portalalerta.com.br\/wp-content\/uploads\/2021\/04\/ELAB-183x146.jpg 183w, https:\/\/www.portalalerta.com.br\/wp-content\/uploads\/2021\/04\/ELAB-50x40.jpg 50w, https:\/\/www.portalalerta.com.br\/wp-content\/uploads\/2021\/04\/ELAB-94x75.jpg 94w\" sizes=\"(max-width: 405px) 100vw, 405px\" \/><\/figure><\/div>\n\n\n\n<p>No despacho desta segunda, Moraes tamb\u00e9m decidiu:<\/p>\n\n\n\n<ul class=\"wp-block-list\"><li>autorizar que a&nbsp;<a href=\"https:\/\/g1.globo.com\/tudo-sobre\/policia-federal\/\">Pol\u00edcia Federal<\/a>&nbsp;utilize, no inqu\u00e9rito das mil\u00edcias digitais, provas sobre a live em que o presidente&nbsp;<a href=\"https:\/\/g1.globo.com\/politica\/politico\/jair-bolsonaro\/\">Jair Bolsonaro<\/a>&nbsp;distorceu informa\u00e7\u00f5es sobre as urnas eletr\u00f4nicas;<\/li><li>determinar o envio dos dados tamb\u00e9m ao&nbsp;<a href=\"https:\/\/g1.globo.com\/tudo-sobre\/tribunal-superior-eleitoral\/\">Tribunal Superior Eleitoral<\/a>&nbsp;(TSE), que abriu um inqu\u00e9rito administrativo para apurar os ataques do presidente ao sistema de vota\u00e7\u00e3o do pa\u00eds.<\/li><\/ul>\n\n\n\n<p>A decis\u00e3o do ministro do STF ocorre ap\u00f3s a&nbsp;<a href=\"https:\/\/g1.globo.com\/tudo-sobre\/policia-federal\/\">Pol\u00edcia Federal<\/a>&nbsp;ter afirmado que o presidente Bolsonaro teve uma atua\u00e7\u00e3o &#8220;direta e relevante&#8221; para gerar desinforma\u00e7\u00e3o ao&nbsp;<a href=\"https:\/\/g1.globo.com\/politica\/noticia\/2022\/01\/28\/pf-aponta-elementos-de-atuacao-direta-e-consciente-de-bolsonaro-em-vazamento-de-dados-sigilosos.ghtml\">divulgar fake news e vazar um inqu\u00e9rito sigiloso, ainda n\u00e3o conclu\u00eddo, sobre o sistema eleitoral brasileiro<\/a>.<\/p>\n\n\n\n<p>Segundo a delegada da PF Denisse Ribeiro, Bolsonaro teria aderido <strong><em>&#8220;a um padr\u00e3o de atua\u00e7\u00e3o j\u00e1 empregado por integrantes de governos de outros pa\u00edses&#8221;<\/em><\/strong>.&nbsp;<\/p>\n\n\n\n<p><strong>&#8216;Live&#8217; das fake news<\/strong><\/p>\n\n\n\n<p>Em agosto do ano passado, o presidente chamou a imprensa ao Pal\u00e1cio da Alvorada para dizer que apresentaria provas das supostas falhas nas urnas \u2013 mas,&nbsp;<a href=\"https:\/\/g1.globo.com\/politica\/noticia\/2021\/07\/29\/apos-tres-anos-falando-em-fraudes-eleitorais-bolsonaro-faz-live-com-noticias-falsas-e-admite-nao-ter-provas-das-acusacoes.ghtml\">em vez disso, repercutiu not\u00edcias falsas e v\u00eddeos j\u00e1 desmentidos<\/a>.<\/p>\n\n\n\n<p>Na semana seguinte, Moraes decidiu&nbsp;<a href=\"https:\/\/g1.globo.com\/politica\/noticia\/2021\/08\/04\/moraes-inclui-bolsonaro-em-inquerito-de-fake-news-por-ataques-as-urnas-eletronicas.ghtml\">incluir essa conduta no inqu\u00e9rito sobre fake news que j\u00e1 tramita no STF<\/a>. Bolsonaro aparece no inqu\u00e9rito como investigado.<\/p>\n\n\n\n<p>Mesmo ap\u00f3s ser eleito, Bolsonaro tem feito reiteradas declara\u00e7\u00f5es nos \u00faltimos tr\u00eas anos colocando em d\u00favida a lisura do processo eleitoral \u2013 todas, sem provas de fraudes ou de riscos \u00e0s elei\u00e7\u00f5es do pr\u00f3ximo ano.<\/p>\n\n\n\n<p>No relat\u00f3rio, a PF cita que foi realizada uma reuni\u00e3o preliminar para preparar a transmiss\u00e3o. E que, nesse encontro, foi reunido o material utilizado na fala do presidente.<\/p>\n\n\n\n<p>Segundo a PF, os depoimentos tomados <strong><em>&#8220;permitiram verificar que o processo de prepara\u00e7\u00e3o e realiza\u00e7\u00e3o da live foi feita de maneira enviesada, isto \u00e9, procedeu-se a uma busca consciente por dados que refor\u00e7assem um discurso previamente tendente a apontar vulnerabilidades e\/ou poss\u00edveis fraudes no sistema eleitoral, ignorando deliberadamente a exist\u00eancia de dados que se contrapunham a narrativa desejada, quase todos dispon\u00edveis em fontes abertas ou de dom\u00ednio de \u00f3rg\u00e3os p\u00fablicos&#8221;<\/em><\/strong>.<\/p>\n\n\n\n<p>A PF diz que foram identificadas diversas inconsist\u00eancias em pontos relevantes das declara\u00e7\u00f5es. Foram ouvidos os ministros da Justi\u00e7a, Anderson Torres, da Secretaria-Geral da Presid\u00eancia, Luiz Eduardo Ramos, o diretor-geral da Ag\u00eancia Brasileira de Intelig\u00eancia (Abin).<\/p>\n\n\n\n<p>A PF aponta que essa investiga\u00e7\u00e3o se d\u00e1 num contexto de outras investiga\u00e7\u00f5es que apontam que que canais bolsonaristas nas redes sociais atuam com o objetivo de diminuir a fronteira entre o que \u00e9 verdade e o que \u00e9 mentira. E usam como estrat\u00e9gia ataques aos ve\u00edculos tradicionais de informa\u00e7\u00e3o. Esse m\u00e9todo tamb\u00e9m foi aplicado na campanha contra as urnas eletr\u00f4nicas.<\/p>\n\n\n\n<p><strong>A decis\u00e3o<\/strong><\/p>\n\n\n\n<p>Em sua decis\u00e3o, o ministro afirmou que as conclus\u00f5es da PF demonstram que&nbsp;<strong>a forma de agir dos investigados na live com desinforma\u00e7\u00e3o sobre o sistema eleitoral \u00e9 semelhante ao identificado em outros casos sob investiga\u00e7\u00e3o<\/strong>&nbsp;e que atingem o presidente e seu entorno, como o inqu\u00e9rito administrativo do TSE.<\/p>\n\n\n\n<p><strong><em>\u201cA&nbsp;<a href=\"https:\/\/g1.globo.com\/tudo-sobre\/policia-federal\/\">Pol\u00edcia Federal<\/a>&nbsp;realizou diversas dilig\u00eancias e concluiu que os elementos de interesse obtidos durante a investiga\u00e7\u00e3o corroboram a ess\u00eancia da forma de atuar desse grupo de pessoas, em converg\u00eancia com o modo de agir j\u00e1 apresentado ao&nbsp;<a href=\"https:\/\/g1.globo.com\/tudo-sobre\/tribunal-superior-eleitoral\/\">Tribunal Superior Eleitoral<\/a>&nbsp;por ocasi\u00e3o do inqu\u00e9rito administrativo instaurado tamb\u00e9m em decorr\u00eancia da promo\u00e7\u00e3o da live\u201d<\/em><\/strong>, escreveu,<\/p>\n\n\n\n<p>Segundo o ministro, <strong><em>\u201cos elementos de prova colhidos nesta investiga\u00e7\u00e3o, portanto, interessam ao&nbsp;<a href=\"https:\/\/g1.globo.com\/tudo-sobre\/tribunal-superior-eleitoral\/\">Tribunal Superior Eleitoral<\/a>, que, no \u00e2mbito de suas compet\u00eancias, t\u00eam atribui\u00e7\u00e3o para apurar e requerer medidas em face dos fatos investigados\u201d<\/em><\/strong>.<\/p>\n\n\n\n<p><em>Fonte: G1<\/em><\/p>\n","protected":false},"excerpt":{"rendered":"<p>Ministro tamb\u00e9m determinou que as provas sobre uma &#8216;live&#8217; do presidente com ataques \u00e0s elei\u00e7\u00f5es sejam compartilhadas com policiais que apuram a atua\u00e7\u00e3o de uma mil\u00edcia digital no pa\u00eds.<\/p>\n","protected":false},"author":2,"featured_media":38843,"comment_status":"open","ping_status":"open","sticky":false,"template":"","format":"standard","meta":{"om_disable_all_campaigns":false,"_monsterinsights_skip_tracking":false,"_monsterinsights_sitenote_active":false,"_monsterinsights_sitenote_note":"","_monsterinsights_sitenote_category":0,"footnotes":""},"categories":[34,70,69,21],"tags":[1173,93,821,1395,216],"class_list":["post-41088","post","type-post","status-publish","format-standard","has-post-thumbnail","hentry","category-brasil","category-destaques","category-noticias2","category-politica","tag-alexandre-de-moraes","tag-brasil","tag-fakenews","tag-jair-bolsonaro","tag-stf"],"aioseo_notices":[],"_links":{"self":[{"href":"https:\/\/www.portalalerta.com.br\/index.php\/wp-json\/wp\/v2\/posts\/41088","targetHints":{"allow":["GET"]}}],"collection":[{"href":"https:\/\/www.portalalerta.com.br\/index.php\/wp-json\/wp\/v2\/posts"}],"about":[{"href":"https:\/\/www.portalalerta.com.br\/index.php\/wp-json\/wp\/v2\/types\/post"}],"author":[{"embeddable":true,"href":"https:\/\/www.portalalerta.com.br\/index.php\/wp-json\/wp\/v2\/users\/2"}],"replies":[{"embeddable":true,"href":"https:\/\/www.portalalerta.com.br\/index.php\/wp-json\/wp\/v2\/comments?post=41088"}],"version-history":[{"count":1,"href":"https:\/\/www.portalalerta.com.br\/index.php\/wp-json\/wp\/v2\/posts\/41088\/revisions"}],"predecessor-version":[{"id":41089,"href":"https:\/\/www.portalalerta.com.br\/index.php\/wp-json\/wp\/v2\/posts\/41088\/revisions\/41089"}],"wp:featuredmedia":[{"embeddable":true,"href":"https:\/\/www.portalalerta.com.br\/index.php\/wp-json\/wp\/v2\/media\/38843"}],"wp:attachment":[{"href":"https:\/\/www.portalalerta.com.br\/index.php\/wp-json\/wp\/v2\/media?parent=41088"}],"wp:term":[{"taxonomy":"category","embeddable":true,"href":"https:\/\/www.portalalerta.com.br\/index.php\/wp-json\/wp\/v2\/categories?post=41088"},{"taxonomy":"post_tag","embeddable":true,"href":"https:\/\/www.portalalerta.com.br\/index.php\/wp-json\/wp\/v2\/tags?post=41088"}],"curies":[{"name":"wp","href":"https:\/\/api.w.org\/{rel}","templated":true}]}}