{"id":41090,"date":"2022-02-15T18:50:18","date_gmt":"2022-02-15T21:50:18","guid":{"rendered":"https:\/\/www.portalalerta.com.br\/?p=41090"},"modified":"2022-02-15T18:50:20","modified_gmt":"2022-02-15T21:50:20","slug":"suspeito-de-assassinar-idoso-em-ribeira-do-pombal-ba-morre-em-confronto-com-a-policia-em-ribeira-do-pombal-ba","status":"publish","type":"post","link":"https:\/\/www.portalalerta.com.br\/index.php\/2022\/02\/15\/suspeito-de-assassinar-idoso-em-ribeira-do-pombal-ba-morre-em-confronto-com-a-policia-em-ribeira-do-pombal-ba\/","title":{"rendered":"Suspeito de assassinar idoso em Ribeira do Pombal-BA, morre em confronto com a pol\u00edcia em Ribeira do Pombal-BA"},"content":{"rendered":"\n<p>Na noite da \u00faltima segunda-feira (14), policiais militares da CIPE Nordeste entraram em confronto com um criminoso no bairro Pombalzinho, em Ribeira do Pombal-BA.<\/p>\n\n\n\n<!--more-->\n\n\n\n<p>Na ocasi\u00e3o, Oscilei Jesus dos Santos (Bosta), foi alvejado por disparos de arma de fogo, chegando a ser socorrido para o Hospital Geral Santa Tereza, no referido munic\u00edpio, mas n\u00e3o resistiu e evoluiu a \u00f3bito.<\/p>\n\n\n\n<p>De acordo com informa\u00e7\u00f5es, o homem era investigado pelas pr\u00e1ticas de tr\u00e1fico de drogas, tentativa de homic\u00eddio, e um homic\u00eddio consumado, quando teria participado do assassinato que vitimou fatalmente o idoso <strong><a href=\"https:\/\/www.portalalerta.com.br\/index.php\/2021\/12\/13\/idoso-e-assassinado-a-tiros-enquanto-realizava-caminhada-em-praca-publica-de-ribeira-do-pombal-ba\/\">Segismundo Gama da Silva, 73 anos<\/a><\/strong>, fato ocorrido em dezembro de 2021.<\/p>\n\n\n\n<p><em>Reda\u00e7\u00e3o: Portal Alerta<\/em><\/p>\n","protected":false},"excerpt":{"rendered":"<p>Na noite da \u00faltima segunda-feira (14), policiais militares da CIPE Nordeste entraram em confronto com um criminoso no bairro Pombalzinho, em Ribeira do Pombal-BA.<\/p>\n","protected":false},"author":2,"featured_media":41091,"comment_status":"open","ping_status":"open","sticky":false,"template":"","format":"standard","meta":{"om_disable_all_campaigns":false,"_monsterinsights_skip_tracking":false,"_monsterinsights_sitenote_active":false,"_monsterinsights_sitenote_note":"","_monsterinsights_sitenote_category":0,"footnotes":""},"categories":[70,69,32,3,22],"tags":[178,258,206,169,47],"class_list":["post-41090","post","type-post","status-publish","format-standard","has-post-thumbnail","hentry","category-destaques","category-noticias2","category-regiao","category-ribeira-do-pombal","category-seguranca","tag-confronto","tag-homicida","tag-homicidio","tag-morte","tag-ribeira-do-pombal"],"aioseo_notices":[],"_links":{"self":[{"href":"https:\/\/www.portalalerta.com.br\/index.php\/wp-json\/wp\/v2\/posts\/41090","targetHints":{"allow":["GET"]}}],"collection":[{"href":"https:\/\/www.portalalerta.com.br\/index.php\/wp-json\/wp\/v2\/posts"}],"about":[{"href":"https:\/\/www.portalalerta.com.br\/index.php\/wp-json\/wp\/v2\/types\/post"}],"author":[{"embeddable":true,"href":"https:\/\/www.portalalerta.com.br\/index.php\/wp-json\/wp\/v2\/users\/2"}],"replies":[{"embeddable":true,"href":"https:\/\/www.portalalerta.com.br\/index.php\/wp-json\/wp\/v2\/comments?post=41090"}],"version-history":[{"count":1,"href":"https:\/\/www.portalalerta.com.br\/index.php\/wp-json\/wp\/v2\/posts\/41090\/revisions"}],"predecessor-version":[{"id":41092,"href":"https:\/\/www.portalalerta.com.br\/index.php\/wp-json\/wp\/v2\/posts\/41090\/revisions\/41092"}],"wp:featuredmedia":[{"embeddable":true,"href":"https:\/\/www.portalalerta.com.br\/index.php\/wp-json\/wp\/v2\/media\/41091"}],"wp:attachment":[{"href":"https:\/\/www.portalalerta.com.br\/index.php\/wp-json\/wp\/v2\/media?parent=41090"}],"wp:term":[{"taxonomy":"category","embeddable":true,"href":"https:\/\/www.portalalerta.com.br\/index.php\/wp-json\/wp\/v2\/categories?post=41090"},{"taxonomy":"post_tag","embeddable":true,"href":"https:\/\/www.portalalerta.com.br\/index.php\/wp-json\/wp\/v2\/tags?post=41090"}],"curies":[{"name":"wp","href":"https:\/\/api.w.org\/{rel}","templated":true}]}}