{"id":41098,"date":"2022-02-16T10:48:24","date_gmt":"2022-02-16T13:48:24","guid":{"rendered":"https:\/\/www.portalalerta.com.br\/?p=41098"},"modified":"2022-02-16T10:48:25","modified_gmt":"2022-02-16T13:48:25","slug":"rui-quer-senado-e-otto-alencar-pode-ser-o-candidato-ao-governo-da-bahia","status":"publish","type":"post","link":"https:\/\/www.portalalerta.com.br\/index.php\/2022\/02\/16\/rui-quer-senado-e-otto-alencar-pode-ser-o-candidato-ao-governo-da-bahia\/","title":{"rendered":"Rui quer Senado e Otto Alencar pode ser o candidato ao governo da Bahia"},"content":{"rendered":"\n<p>Jaques Wagner (PT), seria jogado para escanteio, uma vez que a base n\u00e3o aceitaria dois petistas ocupando os cargos majorit\u00e1rios<\/p>\n\n\n\n<!--more-->\n\n\n\n<p>O governador Rui Costa (PT) est\u00e1 decidido a concorrer ao Senado nas elei\u00e7\u00f5es deste ano. Esta decis\u00e3o&nbsp;muda completamente o cen\u00e1rio que j\u00e1 parecia estabelecido para a chapa petista em 2022. As informa\u00e7\u00f5es foram divulgadas por M\u00e1rio Kert\u00e9sz h\u00e1 15 dias e confirmadas nesta ter\u00e7a-feira (15) pelo Metro1.<\/p>\n\n\n\n<div class=\"wp-block-image\"><figure class=\"alignleft size-full is-resized\"><img fetchpriority=\"high\" decoding=\"async\" src=\"https:\/\/www.portalalerta.com.br\/wp-content\/uploads\/2021\/04\/ELAB.jpg\" alt=\"\" class=\"wp-image-34795\" width=\"399\" height=\"318\" srcset=\"https:\/\/www.portalalerta.com.br\/wp-content\/uploads\/2021\/04\/ELAB.jpg 1000w, https:\/\/www.portalalerta.com.br\/wp-content\/uploads\/2021\/04\/ELAB-300x240.jpg 300w, https:\/\/www.portalalerta.com.br\/wp-content\/uploads\/2021\/04\/ELAB-768x614.jpg 768w, https:\/\/www.portalalerta.com.br\/wp-content\/uploads\/2021\/04\/ELAB-183x146.jpg 183w, https:\/\/www.portalalerta.com.br\/wp-content\/uploads\/2021\/04\/ELAB-50x40.jpg 50w, https:\/\/www.portalalerta.com.br\/wp-content\/uploads\/2021\/04\/ELAB-94x75.jpg 94w\" sizes=\"(max-width: 399px) 100vw, 399px\" \/><\/figure><\/div>\n\n\n\n<p>Jaques Wagner (PT), seria jogado para escanteio, uma vez que a base n\u00e3o aceitaria dois petistas ocupando os cargos majorit\u00e1rios. Desta forma, o nome do atual senador Otto Alencar (PSD) ganharia destaque para a disputa ao Pal\u00e1cio de Ondina. &nbsp;<\/p>\n\n\n\n<p>Caso Rui concorra mesmo ao Senado precisaria deixar o cargo em abril, abrindo espa\u00e7o para Jo\u00e3o Le\u00e3o (PP) comandar o governo por oito meses.&nbsp;Mas o desdobramento provocaria uma reviravolta, Wagner esperava que Rui, assim como ele, cumprisse o mandato at\u00e9 o final.&nbsp;<\/p>\n\n\n\n<p>Rui deixou claro a sua vontade de concorrer em uma reuni\u00e3o no \u00faltimo domingo (12), e desde ent\u00e3o sua candidatura passou a ser pavimentada.<\/p>\n\n\n\n<p><em>Fonte: Metro1<\/em><\/p>\n","protected":false},"excerpt":{"rendered":"<p>Jaques Wagner (PT), seria jogado para escanteio, uma vez que a base n\u00e3o aceitaria dois petistas ocupando os cargos majorit\u00e1rios<\/p>\n","protected":false},"author":2,"featured_media":41100,"comment_status":"open","ping_status":"open","sticky":false,"template":"","format":"standard","meta":{"om_disable_all_campaigns":false,"_monsterinsights_skip_tracking":false,"_monsterinsights_sitenote_active":false,"_monsterinsights_sitenote_note":"","_monsterinsights_sitenote_category":0,"footnotes":""},"categories":[33,70,69,21],"tags":[54,1988,614,673,199,282,235],"class_list":["post-41098","post","type-post","status-publish","format-standard","has-post-thumbnail","hentry","category-bahia","category-destaques","category-noticias2","category-politica","tag-bahia","tag-governo-do-estado","tag-jaques-wagner","tag-otto-alencar","tag-politica","tag-rui-costa","tag-senado-federal"],"aioseo_notices":[],"_links":{"self":[{"href":"https:\/\/www.portalalerta.com.br\/index.php\/wp-json\/wp\/v2\/posts\/41098","targetHints":{"allow":["GET"]}}],"collection":[{"href":"https:\/\/www.portalalerta.com.br\/index.php\/wp-json\/wp\/v2\/posts"}],"about":[{"href":"https:\/\/www.portalalerta.com.br\/index.php\/wp-json\/wp\/v2\/types\/post"}],"author":[{"embeddable":true,"href":"https:\/\/www.portalalerta.com.br\/index.php\/wp-json\/wp\/v2\/users\/2"}],"replies":[{"embeddable":true,"href":"https:\/\/www.portalalerta.com.br\/index.php\/wp-json\/wp\/v2\/comments?post=41098"}],"version-history":[{"count":1,"href":"https:\/\/www.portalalerta.com.br\/index.php\/wp-json\/wp\/v2\/posts\/41098\/revisions"}],"predecessor-version":[{"id":41101,"href":"https:\/\/www.portalalerta.com.br\/index.php\/wp-json\/wp\/v2\/posts\/41098\/revisions\/41101"}],"wp:featuredmedia":[{"embeddable":true,"href":"https:\/\/www.portalalerta.com.br\/index.php\/wp-json\/wp\/v2\/media\/41100"}],"wp:attachment":[{"href":"https:\/\/www.portalalerta.com.br\/index.php\/wp-json\/wp\/v2\/media?parent=41098"}],"wp:term":[{"taxonomy":"category","embeddable":true,"href":"https:\/\/www.portalalerta.com.br\/index.php\/wp-json\/wp\/v2\/categories?post=41098"},{"taxonomy":"post_tag","embeddable":true,"href":"https:\/\/www.portalalerta.com.br\/index.php\/wp-json\/wp\/v2\/tags?post=41098"}],"curies":[{"name":"wp","href":"https:\/\/api.w.org\/{rel}","templated":true}]}}