{"id":41109,"date":"2022-02-17T07:02:00","date_gmt":"2022-02-17T10:02:00","guid":{"rendered":"https:\/\/www.portalalerta.com.br\/?p=41109"},"modified":"2022-02-17T01:20:19","modified_gmt":"2022-02-17T04:20:19","slug":"advogado-da-camara-de-vereadores-de-saude-ba-e-morto-a-tiros-apos-sessao","status":"publish","type":"post","link":"https:\/\/www.portalalerta.com.br\/index.php\/2022\/02\/17\/advogado-da-camara-de-vereadores-de-saude-ba-e-morto-a-tiros-apos-sessao\/","title":{"rendered":"Advogado da C\u00e2mara de Vereadores de Sa\u00fade-BA \u00e9 morto a tiros ap\u00f3s sess\u00e3o"},"content":{"rendered":"\n<p>O advogado Lucim\u00e1rio Queiroz foi morto a tiros na noite desta segunda-feira (14), em frente \u00e0 C\u00e2mara de Vereadores de Sa\u00fade, pr\u00f3xima a Jacobina. Ele era advogado da C\u00e2mara de Vereadores.<\/p>\n\n\n\n<!--more-->\n\n\n\n<p>Segundo informa\u00e7\u00f5es preliminares, um homem armado chegou a p\u00e9 no local e efetuou pelo menos cinco disparos contra o advogado, que foi atingido nas costas e na perna. Lucim\u00e1rio morreu no local e o assassino ainda roubou o celular da v\u00edtima. Uma mulher tamb\u00e9m foi atingida por um tiro e foi socorrida em um hospital. A Pol\u00edcia Civil investigar\u00e1 as causas do crime.&nbsp;<\/p>\n\n\n\n<p>A Ordem dos Advogados do Brasil \u2013 Se\u00e7\u00e3o Bahia (OAB-BA) e a subse\u00e7\u00e3o de Jacobina emitiram nota de pesar pelo falecimento do advogado. De acordo com a entidade, o advogado havia acabado de participar de uma sess\u00e3o na C\u00e2mara de Vereadores, quando foi surpreendido por dois homens em uma motocicleta que fizeram os disparos.<\/p>\n\n\n\n<p>A OAB est\u00e1 acompanhando o caso e cobrando provid\u00eancias para a apura\u00e7\u00e3o do homic\u00eddio. A institui\u00e7\u00e3o pedir\u00e1 \u00e0&nbsp;Secretaria de Seguran\u00e7a P\u00fablica que designe uma comiss\u00e3o especial, com a presen\u00e7a de um representante da OAB-BA, para acompanhar as investiga\u00e7\u00f5es deste crime b\u00e1rbaro.<\/p>\n\n\n\n<p><em>Fonte: Bahia Not\u00edcias<\/em><\/p>\n","protected":false},"excerpt":{"rendered":"<p>O advogado Lucim\u00e1rio Queiroz foi morto a tiros na noite desta segunda-feira (14), em frente \u00e0 C\u00e2mara de Vereadores de Sa\u00fade, pr\u00f3xima a Jacobina. Ele era advogado da C\u00e2mara de Vereadores.<\/p>\n","protected":false},"author":2,"featured_media":41110,"comment_status":"open","ping_status":"open","sticky":false,"template":"","format":"standard","meta":{"om_disable_all_campaigns":false,"_monsterinsights_skip_tracking":false,"_monsterinsights_sitenote_active":false,"_monsterinsights_sitenote_note":"","_monsterinsights_sitenote_category":0,"footnotes":""},"categories":[33,70,69,22],"tags":[490,54,211,206,61,397],"class_list":["post-41109","post","type-post","status-publish","format-standard","has-post-thumbnail","hentry","category-bahia","category-destaques","category-noticias2","category-seguranca","tag-advogado","tag-bahia","tag-camara-de-vereadores","tag-homicidio","tag-saude","tag-seguranca"],"aioseo_notices":[],"_links":{"self":[{"href":"https:\/\/www.portalalerta.com.br\/index.php\/wp-json\/wp\/v2\/posts\/41109","targetHints":{"allow":["GET"]}}],"collection":[{"href":"https:\/\/www.portalalerta.com.br\/index.php\/wp-json\/wp\/v2\/posts"}],"about":[{"href":"https:\/\/www.portalalerta.com.br\/index.php\/wp-json\/wp\/v2\/types\/post"}],"author":[{"embeddable":true,"href":"https:\/\/www.portalalerta.com.br\/index.php\/wp-json\/wp\/v2\/users\/2"}],"replies":[{"embeddable":true,"href":"https:\/\/www.portalalerta.com.br\/index.php\/wp-json\/wp\/v2\/comments?post=41109"}],"version-history":[{"count":1,"href":"https:\/\/www.portalalerta.com.br\/index.php\/wp-json\/wp\/v2\/posts\/41109\/revisions"}],"predecessor-version":[{"id":41111,"href":"https:\/\/www.portalalerta.com.br\/index.php\/wp-json\/wp\/v2\/posts\/41109\/revisions\/41111"}],"wp:featuredmedia":[{"embeddable":true,"href":"https:\/\/www.portalalerta.com.br\/index.php\/wp-json\/wp\/v2\/media\/41110"}],"wp:attachment":[{"href":"https:\/\/www.portalalerta.com.br\/index.php\/wp-json\/wp\/v2\/media?parent=41109"}],"wp:term":[{"taxonomy":"category","embeddable":true,"href":"https:\/\/www.portalalerta.com.br\/index.php\/wp-json\/wp\/v2\/categories?post=41109"},{"taxonomy":"post_tag","embeddable":true,"href":"https:\/\/www.portalalerta.com.br\/index.php\/wp-json\/wp\/v2\/tags?post=41109"}],"curies":[{"name":"wp","href":"https:\/\/api.w.org\/{rel}","templated":true}]}}