{"id":41115,"date":"2022-02-18T20:38:52","date_gmt":"2022-02-18T23:38:52","guid":{"rendered":"https:\/\/www.portalalerta.com.br\/?p=41115"},"modified":"2022-02-18T20:38:54","modified_gmt":"2022-02-18T23:38:54","slug":"sobe-para-123-o-numero-de-mortos-na-tragedia-das-chuvas-em-petropolis-rj","status":"publish","type":"post","link":"https:\/\/www.portalalerta.com.br\/index.php\/2022\/02\/18\/sobe-para-123-o-numero-de-mortos-na-tragedia-das-chuvas-em-petropolis-rj\/","title":{"rendered":"Sobe para 123 o n\u00famero de mortos na trag\u00e9dia das chuvas em Petr\u00f3polis (RJ)"},"content":{"rendered":"\n<p><strong>Ao menos 116 pessoas continuam desaparecidas na cidade da regi\u00e3o serrana, segundo a Pol\u00edcia Civil<\/strong><\/p>\n\n\n\n<!--more-->\n\n\n\n<p>Subiu para 123 o n\u00famero de mortos&nbsp;na trag\u00e9dia das chuvas em Petr\u00f3polis, na regi\u00e3o serrana, na manh\u00e3 desta sexta-feira (18). Ao menos 116 pessoas est\u00e3o desaparecidas na cidade, segundo a \u00faltima atualiza\u00e7\u00e3o da Pol\u00edcia Civil.<\/p>\n\n\n\n<p>Na tarde desta quinta-feira (17), voltou a chover no munic\u00edpio, que h\u00e1 dois dias foi castigado pela pior tempestade dos \u00faltimos 90 anos. A Defesa Civil\u00a0acionou sirenes em 14 localidades\u00a0e emitiu alerta de mobiliza\u00e7\u00e3o para evacua\u00e7\u00e3o de moradores das \u00e1reas de risco do Quitandinha.<\/p>\n\n\n\n<div class=\"wp-block-image\"><figure class=\"alignleft size-full is-resized\"><img fetchpriority=\"high\" decoding=\"async\" src=\"https:\/\/www.portalalerta.com.br\/wp-content\/uploads\/2021\/04\/ELAB.jpg\" alt=\"\" class=\"wp-image-34795\" width=\"401\" height=\"320\" srcset=\"https:\/\/www.portalalerta.com.br\/wp-content\/uploads\/2021\/04\/ELAB.jpg 1000w, https:\/\/www.portalalerta.com.br\/wp-content\/uploads\/2021\/04\/ELAB-300x240.jpg 300w, https:\/\/www.portalalerta.com.br\/wp-content\/uploads\/2021\/04\/ELAB-768x614.jpg 768w, https:\/\/www.portalalerta.com.br\/wp-content\/uploads\/2021\/04\/ELAB-183x146.jpg 183w, https:\/\/www.portalalerta.com.br\/wp-content\/uploads\/2021\/04\/ELAB-50x40.jpg 50w, https:\/\/www.portalalerta.com.br\/wp-content\/uploads\/2021\/04\/ELAB-94x75.jpg 94w\" sizes=\"(max-width: 401px) 100vw, 401px\" \/><\/figure><\/div>\n\n\n\n<p>Em v\u00eddeos compartilhados nas redes sociais, foi poss\u00edvel ver que as ruas voltaram a ficar alagadas em alguns pontos, como no bairro Alto da Serra.&nbsp;Ainda h\u00e1 previs\u00e3o de chuva at\u00e9 s\u00e1bado (19).<\/p>\n\n\n\n<p>As autoridades tamb\u00e9m continuam em alerta para riscos de novos deslizamentos. A rua Nova, na comunidade 24 de Maio, e a rua Teresa, na Vila Manoel Correa, foram interditadas. A Defesa Civil realizou a evacua\u00e7\u00e3o das \u00e1reas.<\/p>\n\n\n\n<p><strong><em>&#8220;De acordo com a an\u00e1lise de ge\u00f3logos da Defesa Civil, a situa\u00e7\u00e3o requer a a\u00e7\u00e3o de car\u00e1ter preventivo, tendo em vista as grandes dimens\u00f5es do bloco rochoso existente na regi\u00e3o, que est\u00e1 localizado a montante da Rua Nova, em meia encosta&#8221;,<\/em><\/strong> informou por meio de nota.&nbsp;<\/p>\n\n\n\n<p>As pessoas desalojadas foram encaminhadas para a Escola das Comunidades Santo Ant\u00f4nio, j\u00e1 que a estrutura para acolhimento da popula\u00e7\u00e3o que funcionava no bairro teve que ser desmobilizada por conta do risco no momento.<\/p>\n\n\n\n<p>A orienta\u00e7\u00e3o \u00e9 que a popula\u00e7\u00e3o busque locais seguros, como os pontos de apoio. De acordo com a Defesa Civil, essas estruturas est\u00e3o ativas nas escolas Marcelo Alencar, na avenida Amaral Peixoto; Chiquinha Rolla, na rua Campos, n\u00b0 1; e Escola Paroquial Bom Jesus, na rua Dr. Thouzet, n\u00b0 820.<\/p>\n\n\n\n<p>Cerca de 500 bombeiros atuam nas buscas por v\u00edtimas em Petr\u00f3polis, com a ajuda de&nbsp;c\u00e3es farejadores, viaturas do tipo 4&#215;4 e botes, al\u00e9m de aeronaves das for\u00e7as de seguran\u00e7a do Estado.<\/p>\n\n\n\n<p><em>Fonte: R7<\/em><\/p>\n","protected":false},"excerpt":{"rendered":"<p>Ao menos 116 pessoas continuam desaparecidas na cidade da regi\u00e3o serrana, segundo a Pol\u00edcia Civil<\/p>\n","protected":false},"author":2,"featured_media":41116,"comment_status":"open","ping_status":"open","sticky":false,"template":"","format":"standard","meta":{"om_disable_all_campaigns":false,"_monsterinsights_skip_tracking":false,"_monsterinsights_sitenote_active":false,"_monsterinsights_sitenote_note":"","_monsterinsights_sitenote_category":0,"footnotes":""},"categories":[34,70,69],"tags":[93,626,2509,439,5246,2155],"class_list":["post-41115","post","type-post","status-publish","format-standard","has-post-thumbnail","hentry","category-brasil","category-destaques","category-noticias2","tag-brasil","tag-desaparecidos","tag-deslizamentos","tag-mortes","tag-petropolis","tag-tragedia"],"aioseo_notices":[],"_links":{"self":[{"href":"https:\/\/www.portalalerta.com.br\/index.php\/wp-json\/wp\/v2\/posts\/41115","targetHints":{"allow":["GET"]}}],"collection":[{"href":"https:\/\/www.portalalerta.com.br\/index.php\/wp-json\/wp\/v2\/posts"}],"about":[{"href":"https:\/\/www.portalalerta.com.br\/index.php\/wp-json\/wp\/v2\/types\/post"}],"author":[{"embeddable":true,"href":"https:\/\/www.portalalerta.com.br\/index.php\/wp-json\/wp\/v2\/users\/2"}],"replies":[{"embeddable":true,"href":"https:\/\/www.portalalerta.com.br\/index.php\/wp-json\/wp\/v2\/comments?post=41115"}],"version-history":[{"count":1,"href":"https:\/\/www.portalalerta.com.br\/index.php\/wp-json\/wp\/v2\/posts\/41115\/revisions"}],"predecessor-version":[{"id":41117,"href":"https:\/\/www.portalalerta.com.br\/index.php\/wp-json\/wp\/v2\/posts\/41115\/revisions\/41117"}],"wp:featuredmedia":[{"embeddable":true,"href":"https:\/\/www.portalalerta.com.br\/index.php\/wp-json\/wp\/v2\/media\/41116"}],"wp:attachment":[{"href":"https:\/\/www.portalalerta.com.br\/index.php\/wp-json\/wp\/v2\/media?parent=41115"}],"wp:term":[{"taxonomy":"category","embeddable":true,"href":"https:\/\/www.portalalerta.com.br\/index.php\/wp-json\/wp\/v2\/categories?post=41115"},{"taxonomy":"post_tag","embeddable":true,"href":"https:\/\/www.portalalerta.com.br\/index.php\/wp-json\/wp\/v2\/tags?post=41115"}],"curies":[{"name":"wp","href":"https:\/\/api.w.org\/{rel}","templated":true}]}}