{"id":41120,"date":"2022-02-18T21:36:27","date_gmt":"2022-02-19T00:36:27","guid":{"rendered":"https:\/\/www.portalalerta.com.br\/?p=41120"},"modified":"2022-02-18T21:36:28","modified_gmt":"2022-02-19T00:36:28","slug":"vice-governador-do-estado-joao-leao-recebe-alta-apos-passar-mal-em-evento-da-pm","status":"publish","type":"post","link":"https:\/\/www.portalalerta.com.br\/index.php\/2022\/02\/18\/vice-governador-do-estado-joao-leao-recebe-alta-apos-passar-mal-em-evento-da-pm\/","title":{"rendered":"Vice-governador do estado Jo\u00e3o Le\u00e3o recebe alta ap\u00f3s passar mal em evento da PM"},"content":{"rendered":"\n<h2 class=\"wp-block-heading\" id=\"segundo-a-assessoria-da-secretaria-de-planejamento-leao-teve-uma-queda-de-pressao-por-nao-ter-tomado-cafe-da-manha-potencializada-pelo-calor-excessivo-no-local\"><strong>Segundo a assessoria da secretaria de Planejamento, Le\u00e3o teve uma queda de press\u00e3o por n\u00e3o ter tomado caf\u00e9 da manh\u00e3, potencializada pelo calor &#8220;excessivo&#8221; no local<\/strong><\/h2>\n\n\n\n<!--more-->\n\n\n\n<p>O vice-governador Jo\u00e3o Le\u00e3o, secret\u00e1rio do Planejamento, recebeu alta m\u00e9dica na tarde desta quinta-feira (17), ap\u00f3s\u00a0passar mal durante um evento da Pol\u00edcia Militar.\u00a0<\/p>\n\n\n\n<div class=\"wp-block-image\"><figure class=\"alignleft size-full is-resized\"><img fetchpriority=\"high\" decoding=\"async\" src=\"https:\/\/www.portalalerta.com.br\/wp-content\/uploads\/2021\/04\/ELAB.jpg\" alt=\"\" class=\"wp-image-34795\" width=\"396\" height=\"316\" srcset=\"https:\/\/www.portalalerta.com.br\/wp-content\/uploads\/2021\/04\/ELAB.jpg 1000w, https:\/\/www.portalalerta.com.br\/wp-content\/uploads\/2021\/04\/ELAB-300x240.jpg 300w, https:\/\/www.portalalerta.com.br\/wp-content\/uploads\/2021\/04\/ELAB-768x614.jpg 768w, https:\/\/www.portalalerta.com.br\/wp-content\/uploads\/2021\/04\/ELAB-183x146.jpg 183w, https:\/\/www.portalalerta.com.br\/wp-content\/uploads\/2021\/04\/ELAB-50x40.jpg 50w, https:\/\/www.portalalerta.com.br\/wp-content\/uploads\/2021\/04\/ELAB-94x75.jpg 94w\" sizes=\"(max-width: 396px) 100vw, 396px\" \/><\/figure><\/div>\n\n\n\n<p>O vice-governador foi atendido no Hospital Santa Izabel, onde passou por avalia\u00e7\u00e3o e ficou em observa\u00e7\u00e3o. Segundo a assessoria da secretaria de Planejamento, Le\u00e3o teve uma queda de press\u00e3o por n\u00e3o ter tomado caf\u00e9 da manh\u00e3, potencializada pelo calor &#8220;excessivo&#8221; no local.&nbsp;<\/p>\n\n\n\n<p>Jo\u00e3o Le\u00e3o participava da solenidade em homenagem aos 197 anos da Pol\u00edcia Militar, na manh\u00e3 desta quinta, quando se sentiu mal.&nbsp;Ainda segundo a assessoria, Jo\u00e3o Le\u00e3o, de 75 anos, fez um check-up geral recentemente, em S\u00e3o Paulo, e est\u00e1 &#8220;com a sa\u00fade em dia&#8221;. O vice-governador voltar\u00e1 \u00e0s atividades nos pr\u00f3ximos dias.&nbsp;<\/p>\n\n\n\n<p><em>Fonte: iBahia<\/em><\/p>\n","protected":false},"excerpt":{"rendered":"<p>Segundo a assessoria da secretaria de Planejamento, Le\u00e3o teve uma queda de press\u00e3o por n\u00e3o ter tomado caf\u00e9 da manh\u00e3, potencializada pelo calor &#8220;excessivo&#8221; no local<\/p>\n","protected":false},"author":2,"featured_media":41121,"comment_status":"open","ping_status":"open","sticky":false,"template":"","format":"standard","meta":{"om_disable_all_campaigns":false,"_monsterinsights_skip_tracking":false,"_monsterinsights_sitenote_active":false,"_monsterinsights_sitenote_note":"","_monsterinsights_sitenote_category":0,"footnotes":""},"categories":[33,70,69,21],"tags":[54,1266,1828],"class_list":["post-41120","post","type-post","status-publish","format-standard","has-post-thumbnail","hentry","category-bahia","category-destaques","category-noticias2","category-politica","tag-bahia","tag-joao-leao","tag-vice-governador"],"aioseo_notices":[],"_links":{"self":[{"href":"https:\/\/www.portalalerta.com.br\/index.php\/wp-json\/wp\/v2\/posts\/41120","targetHints":{"allow":["GET"]}}],"collection":[{"href":"https:\/\/www.portalalerta.com.br\/index.php\/wp-json\/wp\/v2\/posts"}],"about":[{"href":"https:\/\/www.portalalerta.com.br\/index.php\/wp-json\/wp\/v2\/types\/post"}],"author":[{"embeddable":true,"href":"https:\/\/www.portalalerta.com.br\/index.php\/wp-json\/wp\/v2\/users\/2"}],"replies":[{"embeddable":true,"href":"https:\/\/www.portalalerta.com.br\/index.php\/wp-json\/wp\/v2\/comments?post=41120"}],"version-history":[{"count":1,"href":"https:\/\/www.portalalerta.com.br\/index.php\/wp-json\/wp\/v2\/posts\/41120\/revisions"}],"predecessor-version":[{"id":41122,"href":"https:\/\/www.portalalerta.com.br\/index.php\/wp-json\/wp\/v2\/posts\/41120\/revisions\/41122"}],"wp:featuredmedia":[{"embeddable":true,"href":"https:\/\/www.portalalerta.com.br\/index.php\/wp-json\/wp\/v2\/media\/41121"}],"wp:attachment":[{"href":"https:\/\/www.portalalerta.com.br\/index.php\/wp-json\/wp\/v2\/media?parent=41120"}],"wp:term":[{"taxonomy":"category","embeddable":true,"href":"https:\/\/www.portalalerta.com.br\/index.php\/wp-json\/wp\/v2\/categories?post=41120"},{"taxonomy":"post_tag","embeddable":true,"href":"https:\/\/www.portalalerta.com.br\/index.php\/wp-json\/wp\/v2\/tags?post=41120"}],"curies":[{"name":"wp","href":"https:\/\/api.w.org\/{rel}","templated":true}]}}