{"id":41123,"date":"2022-02-18T21:52:57","date_gmt":"2022-02-19T00:52:57","guid":{"rendered":"https:\/\/www.portalalerta.com.br\/?p=41123"},"modified":"2022-02-18T21:52:59","modified_gmt":"2022-02-19T00:52:59","slug":"acusado-de-cometer-estupro-de-vulneravel-em-adustina-ba-e-preso-em-pedro-alexandre-ba","status":"publish","type":"post","link":"https:\/\/www.portalalerta.com.br\/index.php\/2022\/02\/18\/acusado-de-cometer-estupro-de-vulneravel-em-adustina-ba-e-preso-em-pedro-alexandre-ba\/","title":{"rendered":"Acusado de cometer estupro de vulner\u00e1vel em Adustina-BA \u00e9 preso em Pedro Alexandre-BA"},"content":{"rendered":"\n<p>Nesta sexta-feira (18), policiais civis de Pedro Alexandre-BA, capturaram um procurado pela justi\u00e7a, acusado de cometer estupro de vulner\u00e1vel, fato ocorrido no ano passado em Adustina-BA.<\/p>\n\n\n\n<!--more-->\n\n\n\n<p>De acordo com informa\u00e7\u00f5es, ap\u00f3s o cometimento do crime, Valmir Pinto dos Santos (Valmir de Jo\u00e3o de Virg\u00edlio), hoje com 46 anos, teria fugido para o munic\u00edpio de Pedro Alexandre. Desta forma, policiais civis da 25\u00aa COORPIN iniciaram as investiga\u00e7\u00f5es, chegando at\u00e9 o paradeiro do acusado, uma localidade rural situada naquele munic\u00edpio.<\/p>\n\n\n\n<p>Ap\u00f3s a pris\u00e3o, o homem foi conduzido at\u00e9 a Delegacia de Pol\u00edcia Civil da cidade, onde se encontra custodiado, \u00e0 disposi\u00e7\u00e3o da justi\u00e7a.<\/p>\n\n\n\n<p><em>Reda\u00e7\u00e3o: Portal Alerta<\/em><\/p>\n","protected":false},"excerpt":{"rendered":"<p>Nesta sexta-feira (18), policiais civis de Pedro Alexandre-BA, capturaram um procurado pela justi\u00e7a, acusado de cometer estupro de vulner\u00e1vel, fato ocorrido no ano passado em Adustina-BA.<\/p>\n","protected":false},"author":2,"featured_media":41124,"comment_status":"open","ping_status":"open","sticky":false,"template":"","format":"standard","meta":{"om_disable_all_campaigns":false,"_monsterinsights_skip_tracking":false,"_monsterinsights_sitenote_active":false,"_monsterinsights_sitenote_note":"","_monsterinsights_sitenote_category":0,"footnotes":""},"categories":[40,33,70,69,32,22],"tags":[100,2177,56,488,1518,122,77],"class_list":["post-41123","post","type-post","status-publish","format-standard","has-post-thumbnail","hentry","category-adustina","category-bahia","category-destaques","category-noticias2","category-regiao","category-seguranca","tag-adustina","tag-estuprador","tag-estupro","tag-mandado-de-prisao","tag-pedro-alexandre","tag-policia-civil","tag-preso"],"aioseo_notices":[],"_links":{"self":[{"href":"https:\/\/www.portalalerta.com.br\/index.php\/wp-json\/wp\/v2\/posts\/41123","targetHints":{"allow":["GET"]}}],"collection":[{"href":"https:\/\/www.portalalerta.com.br\/index.php\/wp-json\/wp\/v2\/posts"}],"about":[{"href":"https:\/\/www.portalalerta.com.br\/index.php\/wp-json\/wp\/v2\/types\/post"}],"author":[{"embeddable":true,"href":"https:\/\/www.portalalerta.com.br\/index.php\/wp-json\/wp\/v2\/users\/2"}],"replies":[{"embeddable":true,"href":"https:\/\/www.portalalerta.com.br\/index.php\/wp-json\/wp\/v2\/comments?post=41123"}],"version-history":[{"count":1,"href":"https:\/\/www.portalalerta.com.br\/index.php\/wp-json\/wp\/v2\/posts\/41123\/revisions"}],"predecessor-version":[{"id":41125,"href":"https:\/\/www.portalalerta.com.br\/index.php\/wp-json\/wp\/v2\/posts\/41123\/revisions\/41125"}],"wp:featuredmedia":[{"embeddable":true,"href":"https:\/\/www.portalalerta.com.br\/index.php\/wp-json\/wp\/v2\/media\/41124"}],"wp:attachment":[{"href":"https:\/\/www.portalalerta.com.br\/index.php\/wp-json\/wp\/v2\/media?parent=41123"}],"wp:term":[{"taxonomy":"category","embeddable":true,"href":"https:\/\/www.portalalerta.com.br\/index.php\/wp-json\/wp\/v2\/categories?post=41123"},{"taxonomy":"post_tag","embeddable":true,"href":"https:\/\/www.portalalerta.com.br\/index.php\/wp-json\/wp\/v2\/tags?post=41123"}],"curies":[{"name":"wp","href":"https:\/\/api.w.org\/{rel}","templated":true}]}}