{"id":41126,"date":"2022-02-19T10:00:00","date_gmt":"2022-02-19T13:00:00","guid":{"rendered":"https:\/\/www.portalalerta.com.br\/?p=41126"},"modified":"2022-02-19T00:37:26","modified_gmt":"2022-02-19T03:37:26","slug":"bolsonaro-chama-ministros-do-stf-de-adolescentes-e-diz-que-querem-lula-de-volta","status":"publish","type":"post","link":"https:\/\/www.portalalerta.com.br\/index.php\/2022\/02\/19\/bolsonaro-chama-ministros-do-stf-de-adolescentes-e-diz-que-querem-lula-de-volta\/","title":{"rendered":"Bolsonaro chama ministros do STF de adolescentes e diz que querem Lula de volta"},"content":{"rendered":"\n<p>O presidente Jair Bolsonaro (PL) voltou a atacar os ministros do STF (Supremo Tribunal Federal) Lu\u00eds Roberto Barroso, Edson Fachin e Alexandre de Moraes, na \u00faltima quarta-feira (16), ao dizer que eles <strong><em>\u201cse comportam como adolescentes\u201d<\/em><\/strong>, e que querem eleger Lula para a Presid\u00eancia. As informa\u00e7\u00f5es s\u00e3o da Folha e do Estad\u00e3o Conte\u00fado.<\/p>\n\n\n\n<!--more-->\n\n\n\n<p><strong><em>\u201cN\u00f3s vemos que exatamente alguns do Supremo, a minoria do Supremo, \u00e9 que age na contram\u00e3o da nossa Constitui\u00e7\u00e3o. E ali a mensagem clara que fica \u00e9 que eles t\u00eam partido pol\u00edtico. N\u00e3o querem o Bolsonaro l\u00e1 e querem o outro, que esteve h\u00e1 pouco tempo no xadrez, no xilindr\u00f3\u201d<\/em><\/strong>, disse Bolsonaro em entrevista \u00e0 Jovem Pan.<\/p>\n\n\n\n<p>O presidente Jair Bolsonaro (PL) voltou a atacar os ministros do STF (Supremo Tribunal Federal) Lu\u00eds Roberto Barroso, Edson Fachin e Alexandre de Moraes, nesta quarta-feira (16), ao dizer que eles <strong><em>\u201cse comportam como adolescentes\u201d<\/em><\/strong>, e que querem eleger Lula para a Presid\u00eancia. As informa\u00e7\u00f5es s\u00e3o da Folha e do Estad\u00e3o Conte\u00fado.<\/p>\n\n\n\n<div class=\"wp-block-image\"><figure class=\"aligncenter size-full\"><img fetchpriority=\"high\" decoding=\"async\" width=\"720\" height=\"181\" src=\"https:\/\/www.portalalerta.com.br\/wp-content\/uploads\/2018\/02\/Auto-Escola-Nobre.jpg\" alt=\"\" class=\"wp-image-4869\" srcset=\"https:\/\/www.portalalerta.com.br\/wp-content\/uploads\/2018\/02\/Auto-Escola-Nobre.jpg 720w, https:\/\/www.portalalerta.com.br\/wp-content\/uploads\/2018\/02\/Auto-Escola-Nobre-260x65.jpg 260w, https:\/\/www.portalalerta.com.br\/wp-content\/uploads\/2018\/02\/Auto-Escola-Nobre-50x13.jpg 50w, https:\/\/www.portalalerta.com.br\/wp-content\/uploads\/2018\/02\/Auto-Escola-Nobre-150x38.jpg 150w\" sizes=\"(max-width: 720px) 100vw, 720px\" \/><\/figure><\/div>\n\n\n\n<p><strong><em>\u201cN\u00f3s vemos que exatamente alguns do Supremo, a minoria do Supremo, \u00e9 que age na contram\u00e3o da nossa Constitui\u00e7\u00e3o. E ali a mensagem clara que fica \u00e9 que eles t\u00eam partido pol\u00edtico. N\u00e3o querem o Bolsonaro l\u00e1 e querem o outro, que esteve h\u00e1 pouco tempo no xadrez, no xilindr\u00f3\u201d<\/em><\/strong>, disse Bolsonaro em entrevista \u00e0 Jovem Pan.<\/p>\n\n\n\n<p>Barroso \u00e9 o atual presidente do TSE, Fachin passa a comandar a corte na pr\u00f3xima semana, e Moraes ser\u00e1 o presidente durante o segundo semestre, inclusive no per\u00edodo que compreende as Elei\u00e7\u00f5es.<\/p>\n\n\n\n<p>Questionado sobre a fala de Fachin, que disse que uma das prioridades da Justi\u00e7a Eleitoral nesse ano ser\u00e1 a seguran\u00e7a cibern\u00e9tica, e que a R\u00fassia \u00e9 um exemplo de proced\u00eancia desses ataques, Bolsonaro disse que os ministros se comportam como adolescentes.<\/p>\n\n\n\n<p><strong><em>\u201c\u00c9 triste, \u00e9 constrangedor para mim. Receber acusa\u00e7\u00f5es como se a R\u00fassia se comportasse como terrorista digital\u201d,<\/em><\/strong> afirmou o presidente. <strong><em>\u201cN\u00e3o estou na R\u00fassia para programar ataque hacker a computadores do TSE\u201d<\/em><\/strong>, disse o chefe do Executivo, ao pontuar tamb\u00e9m que o ministro produziu fake news ao criticar o pa\u00eds russo.<\/p>\n\n\n\n<p><strong><em>\u201cImagina se eu tivesse um encontro logo mais no dia de hoje com ele [Vladimir Putin]? Um constrangimento. Ent\u00e3o, [os ministros] s\u00e3o pessoas que se comportam como adolescentes, t\u00eam um objetivo. Dizer ao Fachin que, se dependesse de mim, eu jamais faria o que ele fez, dando in\u00edcio \u00e0 anula\u00e7\u00e3o do julgamento do sr. ex-presidente Luiz In\u00e1cio Lula da Silva\u201d<\/em><\/strong>, disse.<\/p>\n\n\n\n<p><em>Fonte: Cleriston Silva<\/em><\/p>\n","protected":false},"excerpt":{"rendered":"<p>O presidente Jair Bolsonaro (PL) voltou a atacar os ministros do STF (Supremo Tribunal Federal) Lu\u00eds Roberto Barroso, Edson Fachin e Alexandre de Moraes, na \u00faltima quarta-feira (16), ao dizer que eles \u201cse comportam como adolescentes\u201d, e que querem eleger Lula para a Presid\u00eancia. As informa\u00e7\u00f5es s\u00e3o da Folha e do Estad\u00e3o Conte\u00fado.<\/p>\n","protected":false},"author":2,"featured_media":23571,"comment_status":"open","ping_status":"open","sticky":false,"template":"","format":"standard","meta":{"om_disable_all_campaigns":false,"_monsterinsights_skip_tracking":false,"_monsterinsights_sitenote_active":false,"_monsterinsights_sitenote_note":"","_monsterinsights_sitenote_category":0,"footnotes":""},"categories":[34,70,69,21],"tags":[93,1395,1152,216],"class_list":["post-41126","post","type-post","status-publish","format-standard","has-post-thumbnail","hentry","category-brasil","category-destaques","category-noticias2","category-politica","tag-brasil","tag-jair-bolsonaro","tag-presidente-da-republica","tag-stf"],"aioseo_notices":[],"_links":{"self":[{"href":"https:\/\/www.portalalerta.com.br\/index.php\/wp-json\/wp\/v2\/posts\/41126","targetHints":{"allow":["GET"]}}],"collection":[{"href":"https:\/\/www.portalalerta.com.br\/index.php\/wp-json\/wp\/v2\/posts"}],"about":[{"href":"https:\/\/www.portalalerta.com.br\/index.php\/wp-json\/wp\/v2\/types\/post"}],"author":[{"embeddable":true,"href":"https:\/\/www.portalalerta.com.br\/index.php\/wp-json\/wp\/v2\/users\/2"}],"replies":[{"embeddable":true,"href":"https:\/\/www.portalalerta.com.br\/index.php\/wp-json\/wp\/v2\/comments?post=41126"}],"version-history":[{"count":1,"href":"https:\/\/www.portalalerta.com.br\/index.php\/wp-json\/wp\/v2\/posts\/41126\/revisions"}],"predecessor-version":[{"id":41127,"href":"https:\/\/www.portalalerta.com.br\/index.php\/wp-json\/wp\/v2\/posts\/41126\/revisions\/41127"}],"wp:featuredmedia":[{"embeddable":true,"href":"https:\/\/www.portalalerta.com.br\/index.php\/wp-json\/wp\/v2\/media\/23571"}],"wp:attachment":[{"href":"https:\/\/www.portalalerta.com.br\/index.php\/wp-json\/wp\/v2\/media?parent=41126"}],"wp:term":[{"taxonomy":"category","embeddable":true,"href":"https:\/\/www.portalalerta.com.br\/index.php\/wp-json\/wp\/v2\/categories?post=41126"},{"taxonomy":"post_tag","embeddable":true,"href":"https:\/\/www.portalalerta.com.br\/index.php\/wp-json\/wp\/v2\/tags?post=41126"}],"curies":[{"name":"wp","href":"https:\/\/api.w.org\/{rel}","templated":true}]}}