{"id":41135,"date":"2022-02-19T20:40:45","date_gmt":"2022-02-19T23:40:45","guid":{"rendered":"https:\/\/www.portalalerta.com.br\/?p=41135"},"modified":"2022-02-19T20:40:47","modified_gmt":"2022-02-19T23:40:47","slug":"prefeitura-de-cicero-dantas-ba-decreta-recesso-durante-periodo-carnavalesco","status":"publish","type":"post","link":"https:\/\/www.portalalerta.com.br\/index.php\/2022\/02\/19\/prefeitura-de-cicero-dantas-ba-decreta-recesso-durante-periodo-carnavalesco\/","title":{"rendered":"Prefeitura de C\u00edcero Dantas-BA decreta recesso durante per\u00edodo carnavalesco"},"content":{"rendered":"\n<p>Ordem se restringe aos departamentos administrativos da prefeitura<\/p>\n\n\n\n<!--more-->\n\n\n\n<p>Foi publicado no Di\u00e1rio Oficial da Prefeitura de C\u00edcero Dantas-BA da \u00faltima quinta-feira (17) o decreto n\u00ba 815\/2022 que determina recesso durante o per\u00edodo carnavalesco de 2022. Com a medida, entre os dias 28 de fevereiro (segunda-feira) e 02 de mar\u00e7o (quarta-feira) at\u00e9 as 12h, os \u00f3rg\u00e3os p\u00fablicos municipais n\u00e3o funcionar\u00e3o.<\/p>\n\n\n\n<div class=\"wp-block-image\"><figure class=\"aligncenter size-full\"><img fetchpriority=\"high\" decoding=\"async\" width=\"720\" height=\"181\" src=\"https:\/\/www.portalalerta.com.br\/wp-content\/uploads\/2018\/02\/Auto-Escola-Nobre.jpg\" alt=\"\" class=\"wp-image-4869\" srcset=\"https:\/\/www.portalalerta.com.br\/wp-content\/uploads\/2018\/02\/Auto-Escola-Nobre.jpg 720w, https:\/\/www.portalalerta.com.br\/wp-content\/uploads\/2018\/02\/Auto-Escola-Nobre-260x65.jpg 260w, https:\/\/www.portalalerta.com.br\/wp-content\/uploads\/2018\/02\/Auto-Escola-Nobre-50x13.jpg 50w, https:\/\/www.portalalerta.com.br\/wp-content\/uploads\/2018\/02\/Auto-Escola-Nobre-150x38.jpg 150w\" sizes=\"(max-width: 720px) 100vw, 720px\" \/><\/figure><\/div>\n\n\n\n<p>A ordem, por\u00e9m, se restringe aos departamentos administrativos da prefeitura, e n\u00e3o abarca os setores que prestam servi\u00e7os essenciais para a popula\u00e7\u00e3o, como \u00e9 caso de hospitais, por exemplo.<\/p>\n\n\n\n<p>O decreto \u00e9 assinado pelo prefeito Ricardo Almeida (PP), e entra em vigor na data de sua publica\u00e7\u00e3o, revogando-se as disposi\u00e7\u00f5es em contr\u00e1rio.<\/p>\n\n\n\n<p><em>Reda\u00e7\u00e3o de Sert\u00e3o em Pauta<\/em><em><\/em><\/p>\n","protected":false},"excerpt":{"rendered":"<p>Ordem se restringe aos departamentos administrativos da prefeitura<\/p>\n","protected":false},"author":2,"featured_media":41136,"comment_status":"open","ping_status":"open","sticky":false,"template":"","format":"standard","meta":{"om_disable_all_campaigns":false,"_monsterinsights_skip_tracking":false,"_monsterinsights_sitenote_active":false,"_monsterinsights_sitenote_note":"","_monsterinsights_sitenote_category":0,"footnotes":""},"categories":[4,70,69,32],"tags":[448,75,2991,1225,2889],"class_list":["post-41135","post","type-post","status-publish","format-standard","has-post-thumbnail","hentry","category-cicero-dantas","category-destaques","category-noticias2","category-regiao","tag-carnaval","tag-cicero-dantas","tag-decreto-municipal","tag-diario-oficial","tag-recesso"],"aioseo_notices":[],"_links":{"self":[{"href":"https:\/\/www.portalalerta.com.br\/index.php\/wp-json\/wp\/v2\/posts\/41135","targetHints":{"allow":["GET"]}}],"collection":[{"href":"https:\/\/www.portalalerta.com.br\/index.php\/wp-json\/wp\/v2\/posts"}],"about":[{"href":"https:\/\/www.portalalerta.com.br\/index.php\/wp-json\/wp\/v2\/types\/post"}],"author":[{"embeddable":true,"href":"https:\/\/www.portalalerta.com.br\/index.php\/wp-json\/wp\/v2\/users\/2"}],"replies":[{"embeddable":true,"href":"https:\/\/www.portalalerta.com.br\/index.php\/wp-json\/wp\/v2\/comments?post=41135"}],"version-history":[{"count":1,"href":"https:\/\/www.portalalerta.com.br\/index.php\/wp-json\/wp\/v2\/posts\/41135\/revisions"}],"predecessor-version":[{"id":41137,"href":"https:\/\/www.portalalerta.com.br\/index.php\/wp-json\/wp\/v2\/posts\/41135\/revisions\/41137"}],"wp:featuredmedia":[{"embeddable":true,"href":"https:\/\/www.portalalerta.com.br\/index.php\/wp-json\/wp\/v2\/media\/41136"}],"wp:attachment":[{"href":"https:\/\/www.portalalerta.com.br\/index.php\/wp-json\/wp\/v2\/media?parent=41135"}],"wp:term":[{"taxonomy":"category","embeddable":true,"href":"https:\/\/www.portalalerta.com.br\/index.php\/wp-json\/wp\/v2\/categories?post=41135"},{"taxonomy":"post_tag","embeddable":true,"href":"https:\/\/www.portalalerta.com.br\/index.php\/wp-json\/wp\/v2\/tags?post=41135"}],"curies":[{"name":"wp","href":"https:\/\/api.w.org\/{rel}","templated":true}]}}