{"id":41138,"date":"2022-02-19T20:48:49","date_gmt":"2022-02-19T23:48:49","guid":{"rendered":"https:\/\/www.portalalerta.com.br\/?p=41138"},"modified":"2022-02-19T20:48:51","modified_gmt":"2022-02-19T23:48:51","slug":"eua-criticam-solidariedade-de-bolsonaro-a-russia-e-acusa-pais-de-enfraquecer-esforcos-diplomaticos","status":"publish","type":"post","link":"https:\/\/www.portalalerta.com.br\/index.php\/2022\/02\/19\/eua-criticam-solidariedade-de-bolsonaro-a-russia-e-acusa-pais-de-enfraquecer-esforcos-diplomaticos\/","title":{"rendered":"EUA criticam solidariedade de Bolsonaro \u00e0 R\u00fassia e acusa pa\u00eds de enfraquecer esfor\u00e7os diplom\u00e1ticos"},"content":{"rendered":"\n<p>O governo norte-americano criticou a postura do presidente Jair Bolsonaro durante visita \u00e0 R\u00fassia, realizada esta semana, e a declara\u00e7\u00e3o de solidariedade \u00e0quele pa\u00eds, em meio \u00e0s tens\u00f5es com a possibilidade de uma invas\u00e3o russa na Ucr\u00e2nia.<\/p>\n\n\n\n<!--more-->\n\n\n\n<p>Em uma declara\u00e7\u00e3o, o Departamento de Estado dos Estados Unidos afirmou que foi criada uma <strong><em>&#8220;falsa narrativa&#8221;<\/em><\/strong> de que a atua\u00e7\u00e3o diplom\u00e1tica norte-americana sobre o Brasil na quest\u00e3o envolveria pedir ao pa\u00eds que escolhesse entre os EUA e a R\u00fassia.<\/p>\n\n\n\n<div class=\"wp-block-image\"><figure class=\"alignleft size-large is-resized\"><img fetchpriority=\"high\" decoding=\"async\" src=\"https:\/\/www.portalalerta.com.br\/wp-content\/uploads\/2021\/10\/Cred-Real-1024x1024.jpeg\" alt=\"\" class=\"wp-image-38729\" width=\"449\" height=\"449\" srcset=\"https:\/\/www.portalalerta.com.br\/wp-content\/uploads\/2021\/10\/Cred-Real-1024x1024.jpeg 1024w, https:\/\/www.portalalerta.com.br\/wp-content\/uploads\/2021\/10\/Cred-Real-240x240.jpeg 240w, https:\/\/www.portalalerta.com.br\/wp-content\/uploads\/2021\/10\/Cred-Real-768x768.jpeg 768w, https:\/\/www.portalalerta.com.br\/wp-content\/uploads\/2021\/10\/Cred-Real-1536x1536.jpeg 1536w, https:\/\/www.portalalerta.com.br\/wp-content\/uploads\/2021\/10\/Cred-Real-146x146.jpeg 146w, https:\/\/www.portalalerta.com.br\/wp-content\/uploads\/2021\/10\/Cred-Real-50x50.jpeg 50w, https:\/\/www.portalalerta.com.br\/wp-content\/uploads\/2021\/10\/Cred-Real-75x75.jpeg 75w, https:\/\/www.portalalerta.com.br\/wp-content\/uploads\/2021\/10\/Cred-Real-85x85.jpeg 85w, https:\/\/www.portalalerta.com.br\/wp-content\/uploads\/2021\/10\/Cred-Real-80x80.jpeg 80w, https:\/\/www.portalalerta.com.br\/wp-content\/uploads\/2021\/10\/Cred-Real.jpeg 1920w\" sizes=\"(max-width: 449px) 100vw, 449px\" \/><\/figure><\/div>\n\n\n\n<p><strong><em>&#8220;Esse n\u00e3o \u00e9 o caso. Essa \u00e9 uma quest\u00e3o de o Brasil, como um pa\u00eds importante, parecer ignorar uma agress\u00e3o armada de uma grande pot\u00eancia contra um pa\u00eds vizinho menor, uma postura inconsistente com a \u00eanfase hist\u00f3rica do Brasil na paz e na diplomacia&#8221;<\/em><\/strong>, diz a declara\u00e7\u00e3o.<\/p>\n\n\n\n<p>Na quarta-feira, durante a visita de Estado \u00e0 R\u00fassia, em uma declara\u00e7\u00e3o inicial ao lado do presidente russo, Vladimir Putin, Bolsonaro afirmou que era &#8220;solid\u00e1rio \u00e0 R\u00fassia&#8221;, sem esclarecer sobre o que estaria falando.<\/p>\n\n\n\n<p>Mais tarde, na declara\u00e7\u00e3o conjunta, de novo ao lado de Putin, elaborou:<\/p>\n\n\n\n<p><strong><em>&#8220;Somos solid\u00e1rios a todos aqueles pa\u00edses que querem e se empenham pela paz. Temos uma colabora\u00e7\u00e3o intensa (com a R\u00fassia) nos principais foros internacionais como o Brics, o G20 e as Na\u00e7\u00f5es Unidas, onde defendemos a soberania dos Estados, o respeito ao direito internacional e a Carta das Na\u00e7\u00f5es Unidas.&#8221;<\/em><\/strong><\/p>\n\n\n\n<p>A declara\u00e7\u00e3o norte-americana faz cr\u00edticas diretamente \u00e0 fala de Bolsonaro.<\/p>\n\n\n\n<p><strong><em>&#8220;O timing do presidente do Brasil para expressar solidariedade \u00e0 R\u00fassia, conforme as for\u00e7as russas est\u00e3o se preparando para lan\u00e7ar ataques a cidades ucranianas, n\u00e3o podia ser pior. Isso enfraquece a diplomacia internacional, direcionada a evitar um desastre estrat\u00e9gico e humanit\u00e1rio, assim como os pr\u00f3prios apelos brasileiros para uma solu\u00e7\u00e3o pac\u00edfica para a crise&#8221;<\/em><\/strong>, aponta.<\/p>\n\n\n\n<p>Bolsonaro havia sido orientado a n\u00e3o tratar da possibilidade de uma guerra entre R\u00fassia e Ucr\u00e2nia e ele mesmo havia dito que n\u00e3o tocaria no assunto se Putin n\u00e3o o fizesse, o que acabou acontecendo n\u00e3o apenas na conversa entre os presidentes, mas no encontro entre os chanceleres Carlos Fran\u00e7a e Sergei Lavrov.<\/p>\n\n\n\n<p>Na sua declara\u00e7\u00e3o, Fran\u00e7a afirmou que foram tratadas quest\u00f5es regionais, mas n\u00e3o elaborou, enquanto Lavrov elencou uma s\u00e9rie de queixas contra os Estados Unidos e a Uni\u00e3o Europeia que teria falado aos brasileiros durante a reuni\u00e3o.<\/p>\n\n\n\n<p>Ainda depois, em uma entrevista \u00e0 imprensa brasileira, Bolsonaro confirmou que o assunto foi tema da conversa com Putin.<\/p>\n\n\n\n<p><strong><em>&#8220;Falei ao presidente Putin que o Brasil apoia qualquer pa\u00eds que busque a paz. E essa \u00e9 a inten\u00e7\u00e3o dele&#8221;<\/em><\/strong>, contou.<\/p>\n\n\n\n<p>Nesta quinta-feira, j\u00e1 em Budapeste, n\u00e3o resistiu a falar novamente no tema. Dessa vez ao lado de Viktor Orb\u00e1n, primeiro-ministro da Hungria, Bolsonaro disse que passou aos h\u00fangaros <strong><em>&#8220;suas impress\u00f5es&#8221;<\/em><\/strong> sobre a situa\u00e7\u00e3o na R\u00fassia e que considerava que a alegada retirada de tropas russas da fronteira com a Ucr\u00e2nia seria <strong><em>&#8220;um gesto&#8221;<\/em><\/strong> de Putin.<\/p>\n\n\n\n<p><strong><em>&#8220;A guerra n\u00e3o interessa a ningu\u00e9m&#8221;<\/em><\/strong>, disse Bolsonaro em declara\u00e7\u00e3o conjunta ao lado de Orb\u00e1n em Budapeste.<\/p>\n\n\n\n<p>Tanto os norte-americanos quanto europeus alegam que n\u00e3o houve retirada de tropas, mas apenas uma movimenta\u00e7\u00e3o interna. J\u00e1 a R\u00fassia disse que a desmobiliza\u00e7\u00e3o de exerc\u00edcios militares leva tempo.<\/p>\n\n\n\n<p>Procurados, Itamaraty e Pal\u00e1cio do Planalto n\u00e3o responderam de imediato a pedido da Reuters de coment\u00e1rio sobre as declara\u00e7\u00f5es norte-americanas.<\/p>\n\n\n\n<p><em>Fonte: Yahoo Not\u00edcias<\/em><\/p>\n","protected":false},"excerpt":{"rendered":"<p>O governo norte-americano criticou a postura do presidente Jair Bolsonaro durante visita \u00e0 R\u00fassia, realizada esta semana, e a declara\u00e7\u00e3o de solidariedade \u00e0quele pa\u00eds, em meio \u00e0s tens\u00f5es com a possibilidade de uma invas\u00e3o russa na Ucr\u00e2nia.<\/p>\n","protected":false},"author":2,"featured_media":41139,"comment_status":"open","ping_status":"open","sticky":false,"template":"","format":"standard","meta":{"om_disable_all_campaigns":false,"_monsterinsights_skip_tracking":false,"_monsterinsights_sitenote_active":false,"_monsterinsights_sitenote_note":"","_monsterinsights_sitenote_category":0,"footnotes":""},"categories":[70,35,69,21],"tags":[93,327,1395,826,3932],"class_list":["post-41138","post","type-post","status-publish","format-standard","has-post-thumbnail","hentry","category-destaques","category-mundo","category-noticias2","category-politica","tag-brasil","tag-eua","tag-jair-bolsonaro","tag-russia","tag-vladimir-putin"],"aioseo_notices":[],"_links":{"self":[{"href":"https:\/\/www.portalalerta.com.br\/index.php\/wp-json\/wp\/v2\/posts\/41138","targetHints":{"allow":["GET"]}}],"collection":[{"href":"https:\/\/www.portalalerta.com.br\/index.php\/wp-json\/wp\/v2\/posts"}],"about":[{"href":"https:\/\/www.portalalerta.com.br\/index.php\/wp-json\/wp\/v2\/types\/post"}],"author":[{"embeddable":true,"href":"https:\/\/www.portalalerta.com.br\/index.php\/wp-json\/wp\/v2\/users\/2"}],"replies":[{"embeddable":true,"href":"https:\/\/www.portalalerta.com.br\/index.php\/wp-json\/wp\/v2\/comments?post=41138"}],"version-history":[{"count":1,"href":"https:\/\/www.portalalerta.com.br\/index.php\/wp-json\/wp\/v2\/posts\/41138\/revisions"}],"predecessor-version":[{"id":41140,"href":"https:\/\/www.portalalerta.com.br\/index.php\/wp-json\/wp\/v2\/posts\/41138\/revisions\/41140"}],"wp:featuredmedia":[{"embeddable":true,"href":"https:\/\/www.portalalerta.com.br\/index.php\/wp-json\/wp\/v2\/media\/41139"}],"wp:attachment":[{"href":"https:\/\/www.portalalerta.com.br\/index.php\/wp-json\/wp\/v2\/media?parent=41138"}],"wp:term":[{"taxonomy":"category","embeddable":true,"href":"https:\/\/www.portalalerta.com.br\/index.php\/wp-json\/wp\/v2\/categories?post=41138"},{"taxonomy":"post_tag","embeddable":true,"href":"https:\/\/www.portalalerta.com.br\/index.php\/wp-json\/wp\/v2\/tags?post=41138"}],"curies":[{"name":"wp","href":"https:\/\/api.w.org\/{rel}","templated":true}]}}