{"id":41143,"date":"2022-02-19T21:08:09","date_gmt":"2022-02-20T00:08:09","guid":{"rendered":"https:\/\/www.portalalerta.com.br\/?p=41143"},"modified":"2022-02-19T21:08:10","modified_gmt":"2022-02-20T00:08:10","slug":"covid-19-fator-de-retransmissao-atinge-um-dos-menores-niveis-da-pandemia-em-salvador","status":"publish","type":"post","link":"https:\/\/www.portalalerta.com.br\/index.php\/2022\/02\/19\/covid-19-fator-de-retransmissao-atinge-um-dos-menores-niveis-da-pandemia-em-salvador\/","title":{"rendered":"Covid-19: Fator de retransmiss\u00e3o atinge um dos menores n\u00edveis da pandemia em Salvador"},"content":{"rendered":"\n<p>O fator RT, (fator de transmiss\u00e3o)&nbsp;da Covid-19 atingiu um dos menores n\u00edveis desde o in\u00edcio da pandemia em Salvador. Segundo informa\u00e7\u00f5es divulgadas pelo secret\u00e1rio de Sa\u00fade do munic\u00edpio, Leo Prates, o \u00edndice chegou a 0.19. O titular da SMS lembra, ainda, que o valor abaixo de 1 \u00e9 considerado que a pandemia est\u00e1 sob controle.<\/p>\n\n\n\n<!--more-->\n\n\n\n<div class=\"wp-block-image\"><figure class=\"alignleft size-full is-resized\"><img fetchpriority=\"high\" decoding=\"async\" src=\"https:\/\/www.portalalerta.com.br\/wp-content\/uploads\/2021\/04\/ELAB.jpg\" alt=\"\" class=\"wp-image-34795\" width=\"421\" height=\"336\" srcset=\"https:\/\/www.portalalerta.com.br\/wp-content\/uploads\/2021\/04\/ELAB.jpg 1000w, https:\/\/www.portalalerta.com.br\/wp-content\/uploads\/2021\/04\/ELAB-300x240.jpg 300w, https:\/\/www.portalalerta.com.br\/wp-content\/uploads\/2021\/04\/ELAB-768x614.jpg 768w, https:\/\/www.portalalerta.com.br\/wp-content\/uploads\/2021\/04\/ELAB-183x146.jpg 183w, https:\/\/www.portalalerta.com.br\/wp-content\/uploads\/2021\/04\/ELAB-50x40.jpg 50w, https:\/\/www.portalalerta.com.br\/wp-content\/uploads\/2021\/04\/ELAB-94x75.jpg 94w\" sizes=\"(max-width: 421px) 100vw, 421px\" \/><\/figure><\/div>\n\n\n\n<p>O fator RT \u00e9 o n\u00famero indicador de quantas pessoas um determinado indiv\u00edduo pode infectar dento de um per\u00edodo. No final do m\u00eas de janeiro o \u00edndice estava em 2,2 e segundo o prefeito Bruno Reis, \u00e0 \u00e9poca, o valor era o maior desde o in\u00edcio da pandemia na Bahia.<\/p>\n\n\n\n<p>At\u00e9 o in\u00edcio desta sexta-feira (18), a capital baiana possu\u00eda 96% da popula\u00e7\u00e3o vacinada com a primeira dose das vacinas, 90% com a cobertura para a segunda dose e dose \u00fanica e 44% com a dose de refor\u00e7o.<\/p>\n\n\n\n<p><em>Fonte: Metro1<\/em><\/p>\n","protected":false},"excerpt":{"rendered":"<p>O fator RT, (fator de transmiss\u00e3o)&nbsp;da Covid-19 atingiu um dos menores n\u00edveis desde o in\u00edcio da pandemia em Salvador. Segundo informa\u00e7\u00f5es divulgadas pelo secret\u00e1rio de Sa\u00fade do munic\u00edpio, Leo Prates, o \u00edndice chegou a 0.19. O titular da SMS lembra, ainda, que o valor abaixo de 1 \u00e9 considerado que a pandemia est\u00e1 sob controle.<\/p>\n","protected":false},"author":2,"featured_media":35570,"comment_status":"open","ping_status":"open","sticky":false,"template":"","format":"standard","meta":{"om_disable_all_campaigns":false,"_monsterinsights_skip_tracking":false,"_monsterinsights_sitenote_active":false,"_monsterinsights_sitenote_note":"","_monsterinsights_sitenote_category":0,"footnotes":""},"categories":[33,70,69,19],"tags":[54,4425,3486,330],"class_list":["post-41143","post","type-post","status-publish","format-standard","has-post-thumbnail","hentry","category-bahia","category-destaques","category-noticias2","category-saude","tag-bahia","tag-coronavirus-2","tag-covid-19","tag-salvador"],"aioseo_notices":[],"_links":{"self":[{"href":"https:\/\/www.portalalerta.com.br\/index.php\/wp-json\/wp\/v2\/posts\/41143","targetHints":{"allow":["GET"]}}],"collection":[{"href":"https:\/\/www.portalalerta.com.br\/index.php\/wp-json\/wp\/v2\/posts"}],"about":[{"href":"https:\/\/www.portalalerta.com.br\/index.php\/wp-json\/wp\/v2\/types\/post"}],"author":[{"embeddable":true,"href":"https:\/\/www.portalalerta.com.br\/index.php\/wp-json\/wp\/v2\/users\/2"}],"replies":[{"embeddable":true,"href":"https:\/\/www.portalalerta.com.br\/index.php\/wp-json\/wp\/v2\/comments?post=41143"}],"version-history":[{"count":1,"href":"https:\/\/www.portalalerta.com.br\/index.php\/wp-json\/wp\/v2\/posts\/41143\/revisions"}],"predecessor-version":[{"id":41144,"href":"https:\/\/www.portalalerta.com.br\/index.php\/wp-json\/wp\/v2\/posts\/41143\/revisions\/41144"}],"wp:featuredmedia":[{"embeddable":true,"href":"https:\/\/www.portalalerta.com.br\/index.php\/wp-json\/wp\/v2\/media\/35570"}],"wp:attachment":[{"href":"https:\/\/www.portalalerta.com.br\/index.php\/wp-json\/wp\/v2\/media?parent=41143"}],"wp:term":[{"taxonomy":"category","embeddable":true,"href":"https:\/\/www.portalalerta.com.br\/index.php\/wp-json\/wp\/v2\/categories?post=41143"},{"taxonomy":"post_tag","embeddable":true,"href":"https:\/\/www.portalalerta.com.br\/index.php\/wp-json\/wp\/v2\/tags?post=41143"}],"curies":[{"name":"wp","href":"https:\/\/api.w.org\/{rel}","templated":true}]}}