{"id":41145,"date":"2022-02-19T21:42:02","date_gmt":"2022-02-20T00:42:02","guid":{"rendered":"https:\/\/www.portalalerta.com.br\/?p=41145"},"modified":"2022-02-19T21:42:03","modified_gmt":"2022-02-20T00:42:03","slug":"acusado-de-cometer-roubo-em-adustina-ba-e-preso-em-alagoas","status":"publish","type":"post","link":"https:\/\/www.portalalerta.com.br\/index.php\/2022\/02\/19\/acusado-de-cometer-roubo-em-adustina-ba-e-preso-em-alagoas\/","title":{"rendered":"Acusado de cometer roubo em Adustina-BA \u00e9 preso em Alagoas"},"content":{"rendered":"\n<p>Na noite da \u00faltima quinta-feira (17), Policiais Rodovi\u00e1rios Federais prenderam um homem acusado das pr\u00e1ticas de roubo e associa\u00e7\u00e3o criminosa, fato ocorrido em 2019, em Adustina-BA.<\/p>\n\n\n\n<!--more-->\n\n\n\n<p>De acordo com informa\u00e7\u00f5es, o homem identificado pelas iniciais L.F.A.S, 48 anos, teria fugido logo ap\u00f3s os crimes, passando a viver entre os estados de Sergipe e Alagoas. Policiais civis da 25\u00aa COORPIN, iniciaram as investiga\u00e7\u00f5es, descobrindo assim o paradeiro do mesmo, passando as informa\u00e7\u00f5es para a Pol\u00edcia Rodovi\u00e1ria Federal.<\/p>\n\n\n\n<div class=\"wp-block-image\"><figure class=\"aligncenter size-full\"><img fetchpriority=\"high\" decoding=\"async\" width=\"720\" height=\"181\" src=\"https:\/\/www.portalalerta.com.br\/wp-content\/uploads\/2018\/02\/Auto-Escola-Nobre.jpg\" alt=\"\" class=\"wp-image-4869\" srcset=\"https:\/\/www.portalalerta.com.br\/wp-content\/uploads\/2018\/02\/Auto-Escola-Nobre.jpg 720w, https:\/\/www.portalalerta.com.br\/wp-content\/uploads\/2018\/02\/Auto-Escola-Nobre-260x65.jpg 260w, https:\/\/www.portalalerta.com.br\/wp-content\/uploads\/2018\/02\/Auto-Escola-Nobre-50x13.jpg 50w, https:\/\/www.portalalerta.com.br\/wp-content\/uploads\/2018\/02\/Auto-Escola-Nobre-150x38.jpg 150w\" sizes=\"(max-width: 720px) 100vw, 720px\" \/><\/figure><\/div>\n\n\n\n<p>Com os dados em m\u00e3os, os agentes federais abordaram o ve\u00edculo GM\/ Cobalt, que era conduzido pelo ent\u00e3o procurado, no momento em que transitava pela BR 110, nas proximidades do munic\u00edpio de S\u00e3o Sebasti\u00e3o-AL.<\/p>\n\n\n\n<p>Ap\u00f3s a pris\u00e3o, o acusado foi conduzido e apresentado na Delegacia de Pol\u00edcia Civil de Penedo-AL, onde se encontra \u00e0 disposi\u00e7\u00e3o da justi\u00e7a.<\/p>\n\n\n\n<p><em>Reda\u00e7\u00e3o: Portal Alerta &nbsp;<\/em><\/p>\n","protected":false},"excerpt":{"rendered":"<p>Na noite da \u00faltima quinta-feira (17), Policiais Rodovi\u00e1rios Federais prenderam um homem acusado das pr\u00e1ticas de roubo e associa\u00e7\u00e3o criminosa, fato ocorrido em 2019, em Adustina-BA.<\/p>\n","protected":false},"author":2,"featured_media":75,"comment_status":"open","ping_status":"open","sticky":false,"template":"","format":"standard","meta":{"om_disable_all_campaigns":false,"_monsterinsights_skip_tracking":false,"_monsterinsights_sitenote_active":false,"_monsterinsights_sitenote_note":"","_monsterinsights_sitenote_category":0,"footnotes":""},"categories":[40,34,70,69,32,22],"tags":[557,454,1673,93,122,77,149,367,5249],"class_list":["post-41145","post","type-post","status-publish","format-standard","has-post-thumbnail","hentry","category-adustina","category-brasil","category-destaques","category-noticias2","category-regiao","category-seguranca","tag-25a-coorpin","tag-alagoas","tag-associacao-criminosa","tag-brasil","tag-policia-civil","tag-preso","tag-prf","tag-roubo","tag-sao-sebastiao"],"aioseo_notices":[],"_links":{"self":[{"href":"https:\/\/www.portalalerta.com.br\/index.php\/wp-json\/wp\/v2\/posts\/41145","targetHints":{"allow":["GET"]}}],"collection":[{"href":"https:\/\/www.portalalerta.com.br\/index.php\/wp-json\/wp\/v2\/posts"}],"about":[{"href":"https:\/\/www.portalalerta.com.br\/index.php\/wp-json\/wp\/v2\/types\/post"}],"author":[{"embeddable":true,"href":"https:\/\/www.portalalerta.com.br\/index.php\/wp-json\/wp\/v2\/users\/2"}],"replies":[{"embeddable":true,"href":"https:\/\/www.portalalerta.com.br\/index.php\/wp-json\/wp\/v2\/comments?post=41145"}],"version-history":[{"count":1,"href":"https:\/\/www.portalalerta.com.br\/index.php\/wp-json\/wp\/v2\/posts\/41145\/revisions"}],"predecessor-version":[{"id":41146,"href":"https:\/\/www.portalalerta.com.br\/index.php\/wp-json\/wp\/v2\/posts\/41145\/revisions\/41146"}],"wp:featuredmedia":[{"embeddable":true,"href":"https:\/\/www.portalalerta.com.br\/index.php\/wp-json\/wp\/v2\/media\/75"}],"wp:attachment":[{"href":"https:\/\/www.portalalerta.com.br\/index.php\/wp-json\/wp\/v2\/media?parent=41145"}],"wp:term":[{"taxonomy":"category","embeddable":true,"href":"https:\/\/www.portalalerta.com.br\/index.php\/wp-json\/wp\/v2\/categories?post=41145"},{"taxonomy":"post_tag","embeddable":true,"href":"https:\/\/www.portalalerta.com.br\/index.php\/wp-json\/wp\/v2\/tags?post=41145"}],"curies":[{"name":"wp","href":"https:\/\/api.w.org\/{rel}","templated":true}]}}