{"id":41147,"date":"2022-02-20T12:00:00","date_gmt":"2022-02-20T15:00:00","guid":{"rendered":"https:\/\/www.portalalerta.com.br\/?p=41147"},"modified":"2022-02-20T00:13:50","modified_gmt":"2022-02-20T03:13:50","slug":"numero-de-mortes-em-petropolis-chega-a-146-e-supera-desastres-de-1988-e-2011","status":"publish","type":"post","link":"https:\/\/www.portalalerta.com.br\/index.php\/2022\/02\/20\/numero-de-mortes-em-petropolis-chega-a-146-e-supera-desastres-de-1988-e-2011\/","title":{"rendered":"N\u00famero de mortes em Petr\u00f3polis chega a 146 e supera desastres de 1988 e 2011"},"content":{"rendered":"\n<p>O\u00a0temporal em Petr\u00f3polis\u00a0atingiu a marca de ao menos 146 mortos neste s\u00e1bado (19) e superou os desastres registrados em 1988 e 2011, se tornando o mais letal j\u00e1 vivido pela cidade. A Defesa Civil Municipal realiza o\u00a0monitoramento de chuvas e trag\u00e9dias\u00a0desse tipo na regi\u00e3o desde 1932.<\/p>\n\n\n\n<!--more-->\n\n\n\n<p>O n\u00famero de mortes tende a crescer nos pr\u00f3ximos dias, j\u00e1 que foram computados pela Pol\u00edcia Civil 191 desaparecidos ap\u00f3s o temporal que arrasou a cidade fluminense h\u00e1 cinco dias. Segundo a prefeitura, 812 pessoas est\u00e3o desabrigadas e ocupam 21 unidades escolares da cidade.<\/p>\n\n\n\n<p>At\u00e9 ent\u00e3o, o desastre registrado no ver\u00e3o de 1988 havia sido o mais letal para a cidade, com 134 mortos.\u00a0Em 2011, os temporais causaram 73 v\u00edtimas fatais em Petr\u00f3polis, mas tamb\u00e9m castigaram cidades vizinhas, deixando um saldo de 918 mortes em cidades da regi\u00e3o serrana.<\/p>\n\n\n\n<p>Na ter\u00e7a-feira (15), a cidade foi arrasada por um forte temporal que resultou em mais de 400 deslizamentos desde ent\u00e3o, somando 553 ocorr\u00eancias no total registradas pela Defesa Civil, incluindo alagamentos e avalia\u00e7\u00f5es de risco.<\/p>\n\n\n\n<div class=\"wp-block-image\"><figure class=\"alignleft size-large is-resized\"><img fetchpriority=\"high\" decoding=\"async\" src=\"https:\/\/www.portalalerta.com.br\/wp-content\/uploads\/2021\/10\/Cred-Real-1024x1024.jpeg\" alt=\"\" class=\"wp-image-38729\" width=\"406\" height=\"406\" srcset=\"https:\/\/www.portalalerta.com.br\/wp-content\/uploads\/2021\/10\/Cred-Real-1024x1024.jpeg 1024w, https:\/\/www.portalalerta.com.br\/wp-content\/uploads\/2021\/10\/Cred-Real-240x240.jpeg 240w, https:\/\/www.portalalerta.com.br\/wp-content\/uploads\/2021\/10\/Cred-Real-768x768.jpeg 768w, https:\/\/www.portalalerta.com.br\/wp-content\/uploads\/2021\/10\/Cred-Real-1536x1536.jpeg 1536w, https:\/\/www.portalalerta.com.br\/wp-content\/uploads\/2021\/10\/Cred-Real-146x146.jpeg 146w, https:\/\/www.portalalerta.com.br\/wp-content\/uploads\/2021\/10\/Cred-Real-50x50.jpeg 50w, https:\/\/www.portalalerta.com.br\/wp-content\/uploads\/2021\/10\/Cred-Real-75x75.jpeg 75w, https:\/\/www.portalalerta.com.br\/wp-content\/uploads\/2021\/10\/Cred-Real-85x85.jpeg 85w, https:\/\/www.portalalerta.com.br\/wp-content\/uploads\/2021\/10\/Cred-Real-80x80.jpeg 80w, https:\/\/www.portalalerta.com.br\/wp-content\/uploads\/2021\/10\/Cred-Real.jpeg 1920w\" sizes=\"(max-width: 406px) 100vw, 406px\" \/><\/figure><\/div>\n\n\n\n<p>Petr\u00f3polis tem um quinto de seu territ\u00f3rio sob alto risco\u00a0e fica na serra do\u00a0Rio de Janeiro, que\u00a0sofre anualmente com tempestades de ver\u00e3o e deslizamentos.<\/p>\n\n\n\n<p>A cidade tem 234 locais de risco alto ou muito alto, o que equivale a 18% do territ\u00f3rio e 12 mil moradias, segundo o Plano Municipal de Redu\u00e7\u00e3o de Riscos publicado em 2018.<\/p>\n\n\n\n<p>Grande parte dos im\u00f3veis condenados h\u00e1 11 anos na regi\u00e3o n\u00e3o foi demolida e\u00a0voltou a ser ocupada por quem n\u00e3o conseguiu moradia ou discordou das op\u00e7\u00f5es dadas pelo poder p\u00fablico. Os moradores reclamam que as unidades habitacionais constru\u00eddas desde ent\u00e3o n\u00e3o s\u00e3o suficientes.<\/p>\n\n\n\n<p>Entre os 136 corpos que j\u00e1 chegaram ao IML (Instituto M\u00e9dico-Legal) at\u00e9 o fim da tarde deste s\u00e1bado (19), 84 s\u00e3o de mulheres e 52 s\u00e3o de homens, incluindo 27 de menores de idade, segundo os n\u00fameros mais recentes da Pol\u00edcia Civil. Entre eles, 97 j\u00e1 foram identificados.<\/p>\n\n\n\n<p>Na porta da unidade, parentes aguardam a leitura dos nomes por funcion\u00e1rios. Para facilitar o acesso a informa\u00e7\u00f5es, a corpora\u00e7\u00e3o antecipou a implementa\u00e7\u00e3o de um\u00a0Portal de Desaparecidos, que permite a consulta de nomes e fotografias pelos familiares que fizeram o registro.<\/p>\n\n\n\n<p>As\u00a0salas de vel\u00f3rios est\u00e3o cheias, e os enterros est\u00e3o sendo feitos em sequ\u00eancia no Cemit\u00e9rio Municipal\u00a0de Petr\u00f3polis desde a tarde de quarta (16). A prefeitura abriu novas covas rasas (menos profundas e mais baratas) e descartou um grande enterro coletivo &#8220;para respeitar a programa\u00e7\u00e3o das fam\u00edlias&#8221;.<\/p>\n\n\n\n<p>Nas ruas, moradores seguem limpando casas, com\u00e9rcios e pr\u00e9dios hist\u00f3ricos, sirenes de viaturas e ambul\u00e2ncias passam de um lado para o outro, e volunt\u00e1rios circulam com doa\u00e7\u00f5es por escolas e igrejas, sob um forte cheiro de lama misturada com lixo em alguns locais.<\/p>\n\n\n\n<p>No desastre de 1988, as chuvas tamb\u00e9m causaram deslizamentos de terra,\u00a0desabamentos ou levadas por enxurradas. Daquela vez, um temporal causou enchentes pela manh\u00e3 e foi agravado pela chuva que voltou a cair \u00e0 tarde.<\/p>\n\n\n\n<p>Nas tr\u00eas trag\u00e9dias, o que se viu nos dias seguintes foram cenas de destrui\u00e7\u00e3o, com carros empilhados, asfalto arrancado, fam\u00edlias sem casas e socorristas procurando v\u00edtimas soterradas.<\/p>\n\n\n\n<p><strong>Saiba como ajudar no desastre de Petr\u00f3polis<\/strong><\/p>\n\n\n\n<p><strong>Doa\u00e7\u00f5es \u00e0 dist\u00e2ncia<\/strong><\/p>\n\n\n\n<p><strong>CDDH Petr\u00f3polis<\/strong><\/p>\n\n\n\n<p>O\u00a0Centro de Defesa dos Direitos Humanos (CDDH Petr\u00f3polis)est\u00e1 arrecadando alimentos, cobertores, \u00e1gua pot\u00e1vel, itens de higiene pessoal e de limpeza e roupas.<\/p>\n\n\n\n<p>As doa\u00e7\u00f5es podem ser feitas pela conta do Banco do Brasil do CDDH (ag\u00eancia 2885-1, conta corrente 127599-2 e CNPJ 27.219.757\/0001-27).<\/p>\n\n\n\n<p><strong>SOSerra<\/strong><\/p>\n\n\n\n<p>A organiza\u00e7\u00e3o comunit\u00e1ria\u00a0SOSerra est\u00e1 recebendo doa\u00e7\u00f5es via Pix pela chave do celular (24) 99303-8885.<\/p>\n\n\n\n<p>J\u00e1 a C\u00e1ritas Arquidiocesana de Petr\u00f3polis est\u00e1 aceitando doa\u00e7\u00f5es em dinheiro. A transfer\u00eancia pode ser feita para o Banco Bradesco (ag\u00eancia 0814-1 e conta corrente 48500-4).<\/p>\n\n\n\n<p><strong>Doa\u00e7\u00f5es presenciais<\/strong><\/p>\n\n\n\n<p><strong>Petr\u00f3polis:<\/strong><\/p>\n\n\n\n<p>Igreja Miss\u00f5es Evangel\u00edstica Vinde Amados Meus; Igreja Semeando Avivamento: Rua Dr. Thouzet 10, Quitandinha; Pronto Socorro do Alto da Serra: Rua Teresa 1.839, Alto da Serra; Igreja Cat\u00f3lica de S\u00e3o Francisco de Assis: Rua Jo\u00e3o Xavier, Moinho Preto; OAB: Rua Marechal Deodoro 229; Centro de Defesa dos Direitos Humanos: Rua Monsenhor Barcelar 400; Igreja Batista Atitude: Rua Quissam\u00e3 777; Igreja Lagoinha, no Quitandinha; Igreja Metodista Central, na subida da Rua Teresa; Centro de Defesa de Direitos Humanos, no Centro; Centro de Cultura de Pedro do Rio e shopping Tarrafas, em Itaipava.<\/p>\n\n\n\n<p><strong>Baixada Fluminense:<\/strong><\/p>\n\n\n\n<p>Cruz Vermelha de Duque de Caxias; Pra\u00e7a da Mantiquira, em Xer\u00e9m; Cruz Vermelha de Nova Igua\u00e7u e Esta\u00e7\u00e3o de Tratamento do Guandu.<\/p>\n\n\n\n<p><strong>Niter\u00f3i:<\/strong><\/p>\n\n\n\n<p>Plaza Niter\u00f3i: Rua XV de Novembro 8, Centro: SAC, 2\u00ba piso, e entrada principal.<\/p>\n\n\n\n<p><strong>Teres\u00f3polis:<\/strong><\/p>\n\n\n\n<p>Cedae: Avenida Feliciano Sodr\u00e9 848, V\u00e1rzea<\/p>\n\n\n\n<p><strong>Rio de Janeiro:<\/strong><\/p>\n\n\n\n<p>Todos os batalh\u00f5es da Pol\u00edcia Militar e as bases do Seguran\u00e7a Presente est\u00e3o reunindo donativos. Tamb\u00e9m s\u00e3o bases as unidades da Faetec, do Cecierj, do Cederj e as escolas da Rede Ceja.<\/p>\n\n\n\n<p><strong>Centro:<\/strong><\/p>\n\n\n\n<p>Sede da OAB: Avenida Marechal C\u00e2mara 210; Sede da A\u00e7\u00e3o da Cidadania: Rua da Gamboa 246, Santo Cristo; Sede da Cedae: Avenida Presidente Vargas 2655 e Sede da Seap, na torre da Central do Brasil.<\/p>\n\n\n\n<p><strong>Zona Sul:<\/strong><\/p>\n\n\n\n<p>Sede do Fluminense, em Laranjeiras; Sede do RioSolid\u00e1rio: Travessa Euricles de Matos 17, em Laranjeiras; Sede do Flamengo, na G\u00e1vea; Sede N\u00e1utica do Vasco, na Lagoa; Par\u00f3quia S\u00e3o Jos\u00e9 da Lagoa: Avenida Borges de Medeiros 2.735; Botafogo Praia Shopping e Rio Design Leblon.<\/p>\n\n\n\n<p><strong>Zona Norte:<\/strong><\/p>\n\n\n\n<p>Est\u00e1dio do Maracan\u00e3; Est\u00e1dio Nilton Santos; Est\u00e1dio de S\u00e3o Janu\u00e1rio; Prefeitura Universit\u00e1ria da UFRJ: Pra\u00e7a Jorge Machado Moreira 100, na Ilha do Fund\u00e3o; e os shoppings Tijuca, Norte, Nova Am\u00e9rica, Madureira e Boulevard.<\/p>\n\n\n\n<p><strong>Zona Oeste:<\/strong><\/p>\n\n\n\n<p>Rio Design Barra, Cruz Vermelha de Realengo e Quadra da Unidos de Padre Miguel.<\/p>\n\n\n\n<p>Em nota, a Defensoria P\u00fablica do Rio manifesto seu apoio \u00e0 popula\u00e7\u00e3o e \u00e0s v\u00edtimas das fortes chuvas que atingiram a cidade de Petr\u00f3polis. Segundo o \u00f3rg\u00e3o, os seguintes locais est\u00e3o \u00e0 disposi\u00e7\u00e3o da popula\u00e7\u00e3o para prestar orienta\u00e7\u00f5es em casos de urg\u00eancia:<\/p>\n\n\n\n<ul class=\"wp-block-list\"><li><strong>NPAs Centro:&nbsp;<\/strong>Rua Dr. Nelson de S\u00e1 Earp, 254, Centro, Petr\u00f3polis<\/li><li><strong>F\u00f3rum do Centro<\/strong>: Avenida Bar\u00e3o do Rio Branco, 2001, Centro, Petr\u00f3polis<\/li><li><strong>F\u00f3rum de Itaipava:&nbsp;<\/strong>Estrada Uni\u00e3o e Ind\u00fastria, 9900, Itaipava, Petr\u00f3polis<\/li><li><strong>NPA Itaipava:&nbsp;<\/strong>Estrada Uni\u00e3o e Ind\u00fastria, 11860, Itaipava, Petr\u00f3polis.<\/li><\/ul>\n\n\n\n<p>A Defensoria P\u00fablica afirma tamb\u00e9m que equipes com defensores e servidores de outras regi\u00f5es do Estado est\u00e3o sendo montadas para prestar atendimento em unidades m\u00f3veis da institui\u00e7\u00e3o nos locais atingidos pela trag\u00e9dia.<\/p>\n\n\n\n<p>De acordo com a nota, podem ser doados itens de higiene pessoal, limpeza, alimentos e roupas infantis e adultos, al\u00e9m de \u00e1gua pot\u00e1vel, m\u00e1scaras e \u00e1lcool em gel. Um dos pontos de arrecada\u00e7\u00e3o fica na sede administrativa da Defensoria P\u00fablica &#8211; Avenida Marechal C\u00e2mara, n\u00ba 314, portaria, centro do Rio.<\/p>\n\n\n\n<p><em>Fonte: Yahoo Not\u00edcias<\/em><\/p>\n","protected":false},"excerpt":{"rendered":"<p>O\u00a0temporal em Petr\u00f3polis\u00a0atingiu a marca de ao menos 146 mortos neste s\u00e1bado (19) e superou os desastres registrados em 1988 e 2011, se tornando o mais letal j\u00e1 vivido pela cidade. A Defesa Civil Municipal realiza o\u00a0monitoramento de chuvas e trag\u00e9dias\u00a0desse tipo na regi\u00e3o desde 1932.<\/p>\n","protected":false},"author":2,"featured_media":41148,"comment_status":"open","ping_status":"open","sticky":false,"template":"","format":"standard","meta":{"om_disable_all_campaigns":false,"_monsterinsights_skip_tracking":false,"_monsterinsights_sitenote_active":false,"_monsterinsights_sitenote_note":"","_monsterinsights_sitenote_category":0,"footnotes":""},"categories":[34,70,69],"tags":[93,1977,5246,300,2155],"class_list":["post-41147","post","type-post","status-publish","format-standard","has-post-thumbnail","hentry","category-brasil","category-destaques","category-noticias2","tag-brasil","tag-chuvas","tag-petropolis","tag-rio-de-janeiro","tag-tragedia"],"aioseo_notices":[],"_links":{"self":[{"href":"https:\/\/www.portalalerta.com.br\/index.php\/wp-json\/wp\/v2\/posts\/41147","targetHints":{"allow":["GET"]}}],"collection":[{"href":"https:\/\/www.portalalerta.com.br\/index.php\/wp-json\/wp\/v2\/posts"}],"about":[{"href":"https:\/\/www.portalalerta.com.br\/index.php\/wp-json\/wp\/v2\/types\/post"}],"author":[{"embeddable":true,"href":"https:\/\/www.portalalerta.com.br\/index.php\/wp-json\/wp\/v2\/users\/2"}],"replies":[{"embeddable":true,"href":"https:\/\/www.portalalerta.com.br\/index.php\/wp-json\/wp\/v2\/comments?post=41147"}],"version-history":[{"count":1,"href":"https:\/\/www.portalalerta.com.br\/index.php\/wp-json\/wp\/v2\/posts\/41147\/revisions"}],"predecessor-version":[{"id":41149,"href":"https:\/\/www.portalalerta.com.br\/index.php\/wp-json\/wp\/v2\/posts\/41147\/revisions\/41149"}],"wp:featuredmedia":[{"embeddable":true,"href":"https:\/\/www.portalalerta.com.br\/index.php\/wp-json\/wp\/v2\/media\/41148"}],"wp:attachment":[{"href":"https:\/\/www.portalalerta.com.br\/index.php\/wp-json\/wp\/v2\/media?parent=41147"}],"wp:term":[{"taxonomy":"category","embeddable":true,"href":"https:\/\/www.portalalerta.com.br\/index.php\/wp-json\/wp\/v2\/categories?post=41147"},{"taxonomy":"post_tag","embeddable":true,"href":"https:\/\/www.portalalerta.com.br\/index.php\/wp-json\/wp\/v2\/tags?post=41147"}],"curies":[{"name":"wp","href":"https:\/\/api.w.org\/{rel}","templated":true}]}}