{"id":41150,"date":"2022-02-20T12:01:00","date_gmt":"2022-02-20T15:01:00","guid":{"rendered":"https:\/\/www.portalalerta.com.br\/?p=41150"},"modified":"2022-02-20T00:23:15","modified_gmt":"2022-02-20T03:23:15","slug":"incendio-causa-destruicao-em-serraria-em-ribeira-do-pombal-ba","status":"publish","type":"post","link":"https:\/\/www.portalalerta.com.br\/index.php\/2022\/02\/20\/incendio-causa-destruicao-em-serraria-em-ribeira-do-pombal-ba\/","title":{"rendered":"Inc\u00eandio causa destrui\u00e7\u00e3o em serraria, em Ribeira do Pombal-BA"},"content":{"rendered":"\n<p>Por volta das 02hs deste s\u00e1bado (19), policiais militares do 2\u00ba Pelot\u00e3o\/ Ribeira do Pombal-BA foram solicitados por populares, que afirmaram a respeito de inc\u00eandio que estaria acontecendo numa Serraria, situada \u00e0s margens da BR 110, no referido munic\u00edpio.<\/p>\n\n\n\n<!--more-->\n\n\n\n<p>No local, os militares constataram a veracidade da informa\u00e7\u00e3o, restando apenas solicitar o apoio de outros \u00f3rg\u00e3os, bem como membros da Garagem Municipal, para que o fogo fosse debelado. O fogo destruiu grande parte do local.<\/p>\n\n\n\n<p>As causas do inc\u00eandio dever\u00e3o ser investigadas pela Pol\u00edcia Civil.<\/p>\n\n\n\n<p><em>Reda\u00e7\u00e3o: Portal Alerta<\/em><\/p>\n","protected":false},"excerpt":{"rendered":"<p>Por volta das 02hs deste s\u00e1bado (19), policiais militares do 2\u00ba Pelot\u00e3o\/ Ribeira do Pombal-BA foram solicitados por populares, que afirmaram a respeito de inc\u00eandio que estaria acontecendo numa Serraria, situada \u00e0s margens da BR 110, no referido munic\u00edpio.<\/p>\n","protected":false},"author":2,"featured_media":41151,"comment_status":"open","ping_status":"open","sticky":false,"template":"","format":"standard","meta":{"om_disable_all_campaigns":false,"_monsterinsights_skip_tracking":false,"_monsterinsights_sitenote_active":false,"_monsterinsights_sitenote_note":"","_monsterinsights_sitenote_category":0,"footnotes":""},"categories":[70,69,32,3],"tags":[593,47,5251],"class_list":["post-41150","post","type-post","status-publish","format-standard","has-post-thumbnail","hentry","category-destaques","category-noticias2","category-regiao","category-ribeira-do-pombal","tag-incendio","tag-ribeira-do-pombal","tag-serraria"],"aioseo_notices":[],"_links":{"self":[{"href":"https:\/\/www.portalalerta.com.br\/index.php\/wp-json\/wp\/v2\/posts\/41150","targetHints":{"allow":["GET"]}}],"collection":[{"href":"https:\/\/www.portalalerta.com.br\/index.php\/wp-json\/wp\/v2\/posts"}],"about":[{"href":"https:\/\/www.portalalerta.com.br\/index.php\/wp-json\/wp\/v2\/types\/post"}],"author":[{"embeddable":true,"href":"https:\/\/www.portalalerta.com.br\/index.php\/wp-json\/wp\/v2\/users\/2"}],"replies":[{"embeddable":true,"href":"https:\/\/www.portalalerta.com.br\/index.php\/wp-json\/wp\/v2\/comments?post=41150"}],"version-history":[{"count":1,"href":"https:\/\/www.portalalerta.com.br\/index.php\/wp-json\/wp\/v2\/posts\/41150\/revisions"}],"predecessor-version":[{"id":41152,"href":"https:\/\/www.portalalerta.com.br\/index.php\/wp-json\/wp\/v2\/posts\/41150\/revisions\/41152"}],"wp:featuredmedia":[{"embeddable":true,"href":"https:\/\/www.portalalerta.com.br\/index.php\/wp-json\/wp\/v2\/media\/41151"}],"wp:attachment":[{"href":"https:\/\/www.portalalerta.com.br\/index.php\/wp-json\/wp\/v2\/media?parent=41150"}],"wp:term":[{"taxonomy":"category","embeddable":true,"href":"https:\/\/www.portalalerta.com.br\/index.php\/wp-json\/wp\/v2\/categories?post=41150"},{"taxonomy":"post_tag","embeddable":true,"href":"https:\/\/www.portalalerta.com.br\/index.php\/wp-json\/wp\/v2\/tags?post=41150"}],"curies":[{"name":"wp","href":"https:\/\/api.w.org\/{rel}","templated":true}]}}