{"id":41153,"date":"2022-02-20T12:02:00","date_gmt":"2022-02-20T15:02:00","guid":{"rendered":"https:\/\/www.portalalerta.com.br\/?p=41153"},"modified":"2022-02-20T00:28:19","modified_gmt":"2022-02-20T03:28:19","slug":"deputado-convoca-audiencia-publica-para-pressionar-instalacao-da-cpi-da-coelba","status":"publish","type":"post","link":"https:\/\/www.portalalerta.com.br\/index.php\/2022\/02\/20\/deputado-convoca-audiencia-publica-para-pressionar-instalacao-da-cpi-da-coelba\/","title":{"rendered":"Deputado convoca audi\u00eancia p\u00fablica para pressionar instala\u00e7\u00e3o da CPI da Coelba"},"content":{"rendered":"\n<p>Deputado Tum (PSC) convocou a audi\u00eancia para o dia 8 de mar\u00e7o<\/p>\n\n\n\n<!--more-->\n\n\n\n<p>O deputado estadual Tum (PSC) vai convocar no pr\u00f3ximo dia 8 de mar\u00e7o uma audi\u00eancia p\u00fablica para pressionar a Assembleia Legislativa da Bahia a iniciar os trabalhos da Comiss\u00e3o Parlamentar de Inqu\u00e9rito (CPI) para investigar a empresa de energia Coelba.<\/p>\n\n\n\n<div class=\"wp-block-image\"><figure class=\"alignleft size-full is-resized\"><img fetchpriority=\"high\" decoding=\"async\" src=\"https:\/\/www.portalalerta.com.br\/wp-content\/uploads\/2021\/04\/ELAB.jpg\" alt=\"\" class=\"wp-image-34795\" width=\"415\" height=\"331\" srcset=\"https:\/\/www.portalalerta.com.br\/wp-content\/uploads\/2021\/04\/ELAB.jpg 1000w, https:\/\/www.portalalerta.com.br\/wp-content\/uploads\/2021\/04\/ELAB-300x240.jpg 300w, https:\/\/www.portalalerta.com.br\/wp-content\/uploads\/2021\/04\/ELAB-768x614.jpg 768w, https:\/\/www.portalalerta.com.br\/wp-content\/uploads\/2021\/04\/ELAB-183x146.jpg 183w, https:\/\/www.portalalerta.com.br\/wp-content\/uploads\/2021\/04\/ELAB-50x40.jpg 50w, https:\/\/www.portalalerta.com.br\/wp-content\/uploads\/2021\/04\/ELAB-94x75.jpg 94w\" sizes=\"(max-width: 415px) 100vw, 415px\" \/><\/figure><\/div>\n\n\n\n<p>A estrat\u00e9gia foi detalhada durante entrevista nesta sexta-feira (18) na R\u00e1dio Metropole. De acordo com Tum, mesmo com 44 assinaturas coletadas (o m\u00ednimo eram 21), a CPI n\u00e3o tem tido andamento porque h\u00e1 uma morosidade dos l\u00edderes do governo &nbsp;e da oposi\u00e7\u00e3o, Sandro R\u00e9gis (UB), para definir os nomes que far\u00e3o parte da mesa diretora da comiss\u00e3o<\/p>\n\n\n\n<p><strong><em>\u201cDurante essa audi\u00eancia e outras que vamos promover, ser\u00e1 poss\u00edvel demonstrar a necessidade de investigarmos a Coelba e jogarmos luz sobre sua gest\u00e3o e problemas, que afetam baianos de norte a sul e tem um custo car\u00edssimo ao setor produtivo e a toda comunidade baiana\u201d<\/em><\/strong> , disse, em entrevista a M\u00e1rio Kert\u00e9sz.<br><br>Em toda sua hist\u00f3ria moderna, a Assembleia Legislativa da Bahia s\u00f3 teve quatro CPIs instaladas, ainda assim com pouco resultado efetivo.\u00a0A falta de cultura investigativa da Casa foi tema de uma reportagem do\u00a0Jornal da Metropole\u00a0na edi\u00e7\u00e3o do dia 3 de fevereiro.\u00a0<\/p>\n\n\n\n<p><em>Fonte: Metro1<\/em><\/p>\n","protected":false},"excerpt":{"rendered":"<p>Deputado Tum (PSC) convocou a audi\u00eancia para o dia 8 de mar\u00e7o<\/p>\n","protected":false},"author":2,"featured_media":4167,"comment_status":"open","ping_status":"open","sticky":false,"template":"","format":"standard","meta":{"om_disable_all_campaigns":false,"_monsterinsights_skip_tracking":false,"_monsterinsights_sitenote_active":false,"_monsterinsights_sitenote_note":"","_monsterinsights_sitenote_category":0,"footnotes":""},"categories":[33,70,69,21],"tags":[478,54,855,721],"class_list":["post-41153","post","type-post","status-publish","format-standard","has-post-thumbnail","hentry","category-bahia","category-destaques","category-noticias2","category-politica","tag-alba","tag-bahia","tag-coelba","tag-cpi"],"aioseo_notices":[],"_links":{"self":[{"href":"https:\/\/www.portalalerta.com.br\/index.php\/wp-json\/wp\/v2\/posts\/41153","targetHints":{"allow":["GET"]}}],"collection":[{"href":"https:\/\/www.portalalerta.com.br\/index.php\/wp-json\/wp\/v2\/posts"}],"about":[{"href":"https:\/\/www.portalalerta.com.br\/index.php\/wp-json\/wp\/v2\/types\/post"}],"author":[{"embeddable":true,"href":"https:\/\/www.portalalerta.com.br\/index.php\/wp-json\/wp\/v2\/users\/2"}],"replies":[{"embeddable":true,"href":"https:\/\/www.portalalerta.com.br\/index.php\/wp-json\/wp\/v2\/comments?post=41153"}],"version-history":[{"count":1,"href":"https:\/\/www.portalalerta.com.br\/index.php\/wp-json\/wp\/v2\/posts\/41153\/revisions"}],"predecessor-version":[{"id":41154,"href":"https:\/\/www.portalalerta.com.br\/index.php\/wp-json\/wp\/v2\/posts\/41153\/revisions\/41154"}],"wp:featuredmedia":[{"embeddable":true,"href":"https:\/\/www.portalalerta.com.br\/index.php\/wp-json\/wp\/v2\/media\/4167"}],"wp:attachment":[{"href":"https:\/\/www.portalalerta.com.br\/index.php\/wp-json\/wp\/v2\/media?parent=41153"}],"wp:term":[{"taxonomy":"category","embeddable":true,"href":"https:\/\/www.portalalerta.com.br\/index.php\/wp-json\/wp\/v2\/categories?post=41153"},{"taxonomy":"post_tag","embeddable":true,"href":"https:\/\/www.portalalerta.com.br\/index.php\/wp-json\/wp\/v2\/tags?post=41153"}],"curies":[{"name":"wp","href":"https:\/\/api.w.org\/{rel}","templated":true}]}}