{"id":41163,"date":"2022-02-21T16:23:55","date_gmt":"2022-02-21T19:23:55","guid":{"rendered":"https:\/\/www.portalalerta.com.br\/?p=41163"},"modified":"2022-02-21T16:23:58","modified_gmt":"2022-02-21T19:23:58","slug":"samu-contabiliza-23-feridos-em-rebeliao-e-indica-casos-graves-que-podem-aumentar-numero-de-mortos-no-complexo-penitenciario-da-mata-escura","status":"publish","type":"post","link":"https:\/\/www.portalalerta.com.br\/index.php\/2022\/02\/21\/samu-contabiliza-23-feridos-em-rebeliao-e-indica-casos-graves-que-podem-aumentar-numero-de-mortos-no-complexo-penitenciario-da-mata-escura\/","title":{"rendered":"Samu contabiliza 23 feridos em rebeli\u00e3o e indica &#8220;casos graves&#8221; que podem aumentar n\u00famero de mortos, no Complexo Penitenci\u00e1rio da Mata Escura"},"content":{"rendered":"\n<p>Entre os pacientes, 18 foram socorridos para unidades em Salvador e outros cinco permaneceram no Complexo Penitenci\u00e1rio de Mata Escura<\/p>\n\n\n\n<!--more-->\n\n\n\n<p>A Secretaria da Seguran\u00e7a P\u00fablica (SSP-BA) contabilizou, at\u00e9 o momento,\u00a0cinco pessoas mortas e outras 18 feridas, no Complexo Penitenci\u00e1rio da\u00a0Mata Escura, em Salvador. O n\u00famero de homic\u00eddios no motim \u2013 ocasionado por tentativa de fuga seguida de briga entre internos, no domingo (20) \u2013, contudo, pode aumentar nas pr\u00f3ximas horas.\u00a0<\/p>\n\n\n\n<div class=\"wp-block-image\"><figure class=\"aligncenter size-full\"><img fetchpriority=\"high\" decoding=\"async\" width=\"720\" height=\"181\" src=\"https:\/\/www.portalalerta.com.br\/wp-content\/uploads\/2018\/02\/Auto-Escola-Nobre.jpg\" alt=\"\" class=\"wp-image-4869\" srcset=\"https:\/\/www.portalalerta.com.br\/wp-content\/uploads\/2018\/02\/Auto-Escola-Nobre.jpg 720w, https:\/\/www.portalalerta.com.br\/wp-content\/uploads\/2018\/02\/Auto-Escola-Nobre-260x65.jpg 260w, https:\/\/www.portalalerta.com.br\/wp-content\/uploads\/2018\/02\/Auto-Escola-Nobre-50x13.jpg 50w, https:\/\/www.portalalerta.com.br\/wp-content\/uploads\/2018\/02\/Auto-Escola-Nobre-150x38.jpg 150w\" sizes=\"(max-width: 720px) 100vw, 720px\" \/><\/figure><\/div>\n\n\n\n<p>Coordenador do Servi\u00e7o de Atendimento M\u00f3vel de Urg\u00eancia (Samu) da capital, Ivan Paiva explica que, ao todo, 23 pessoas ficaram feridas. Entre as v\u00edtimas, pontua o m\u00e9dico, h\u00e1 <strong><em>&#8220;alguns casos bem graves, que podem evoluir \u00e0 morte&#8221;<\/em><\/strong>.&nbsp;<\/p>\n\n\n\n<p>\u00c0 reportagem, Ivan conta que nove detentos foram socorridos para o Hospital Geral do Estado (HGE), dois para o Hospital do Sub\u00farbio, sete para a Unidade de Pronto Atendimento (UPA) dos Barris, e outros cinco seguiram no complexo penitenci\u00e1rio \u2013 estes, com ferimentos de menor complexidade, n\u00e3o entraram no balan\u00e7o divulgado pela SSP-BA.&nbsp;<\/p>\n\n\n\n<p>Ao menos 12 detentos foram atingidos por disparos de arma de fogo. <strong><em>&#8220;Mais dois, por arma branca, al\u00e9m daqueles que despencaram de certa altura&#8221;<\/em><\/strong>, informa o m\u00e9dico ao&nbsp;<strong>Metro1<\/strong>.<\/p>\n\n\n\n<p>A rebeli\u00e3o foi registrada por volta das 15h45, segundo o boletim de ocorr\u00eancias da SSP-BA. Solicitadas horas depois, por volta das 18h58, as equipes do Samu precisaram realizar alguns procedimentos, como drenagem tor\u00e1cica, j\u00e1 nas ambul\u00e2ncias. Os ferimentos n\u00e3o foram detalhados por Paiva, mas alguns demandam cirurgias. O atendimento do Samu foi finalizado seis horas depois, \u00e0 1h.<\/p>\n\n\n\n<p><strong>Tentativa de fuga\u00a0<\/strong><br>A SSP-BA e a Secretaria de Administra\u00e7\u00e3o Penitenci\u00e1ria (Seap)\u00a0iniciaram uma investiga\u00e7\u00e3o\u00a0para apurar a entrada de armas no complexo penitenci\u00e1rio. O motim foi constatado quando policiais penais ouviram disparos de arma de fogo, no M\u00f3dulo II da Lemos Brito. Guarni\u00e7\u00f5es do Batalh\u00e3o de Guardas (BG) da Pol\u00edcia Militar foram at\u00e9 o local e, segundo a SSP-BA, impediram a fuga de detentos pela porta principal daquela unidade.<\/p>\n\n\n\n<p>Em seguida, com refor\u00e7os de equipes do Bope, Batalh\u00e3o de Choque, Graer, Apolo, G\u00eameos e Rondesp Central, os militares entraram na unidade prisional e reestabeleceram o controle. Sem precisar o n\u00famero, a pasta informou que armas brancas e de fogo foram apreendidas. O Departamento de Homic\u00eddios e Prote\u00e7\u00e3o \u00e0 Pessoa (DHPP) est\u00e1 \u00e0 frente das investiga\u00e7\u00f5es que busca identificar motiva\u00e7\u00e3o e autoria dos crimes.&nbsp;<\/p>\n\n\n\n<p><em>Fonte: Metro1<\/em><\/p>\n","protected":false},"excerpt":{"rendered":"<p>Entre os pacientes, 18 foram socorridos para unidades em Salvador e outros cinco permaneceram no Complexo Penitenci\u00e1rio de Mata Escura<\/p>\n","protected":false},"author":2,"featured_media":41165,"comment_status":"open","ping_status":"open","sticky":false,"template":"","format":"standard","meta":{"om_disable_all_campaigns":false,"_monsterinsights_skip_tracking":false,"_monsterinsights_sitenote_active":false,"_monsterinsights_sitenote_note":"","_monsterinsights_sitenote_category":0,"footnotes":""},"categories":[33,70,69,22],"tags":[54,1362,393,5031,608,268,265],"class_list":["post-41163","post","type-post","status-publish","format-standard","has-post-thumbnail","hentry","category-bahia","category-destaques","category-noticias2","category-seguranca","tag-bahia","tag-complexo-penitenciario-da-mata-escura","tag-feridos","tag-lemos-de-brito","tag-mortos","tag-presidio","tag-rebeliao"],"aioseo_notices":[],"_links":{"self":[{"href":"https:\/\/www.portalalerta.com.br\/index.php\/wp-json\/wp\/v2\/posts\/41163","targetHints":{"allow":["GET"]}}],"collection":[{"href":"https:\/\/www.portalalerta.com.br\/index.php\/wp-json\/wp\/v2\/posts"}],"about":[{"href":"https:\/\/www.portalalerta.com.br\/index.php\/wp-json\/wp\/v2\/types\/post"}],"author":[{"embeddable":true,"href":"https:\/\/www.portalalerta.com.br\/index.php\/wp-json\/wp\/v2\/users\/2"}],"replies":[{"embeddable":true,"href":"https:\/\/www.portalalerta.com.br\/index.php\/wp-json\/wp\/v2\/comments?post=41163"}],"version-history":[{"count":1,"href":"https:\/\/www.portalalerta.com.br\/index.php\/wp-json\/wp\/v2\/posts\/41163\/revisions"}],"predecessor-version":[{"id":41166,"href":"https:\/\/www.portalalerta.com.br\/index.php\/wp-json\/wp\/v2\/posts\/41163\/revisions\/41166"}],"wp:featuredmedia":[{"embeddable":true,"href":"https:\/\/www.portalalerta.com.br\/index.php\/wp-json\/wp\/v2\/media\/41165"}],"wp:attachment":[{"href":"https:\/\/www.portalalerta.com.br\/index.php\/wp-json\/wp\/v2\/media?parent=41163"}],"wp:term":[{"taxonomy":"category","embeddable":true,"href":"https:\/\/www.portalalerta.com.br\/index.php\/wp-json\/wp\/v2\/categories?post=41163"},{"taxonomy":"post_tag","embeddable":true,"href":"https:\/\/www.portalalerta.com.br\/index.php\/wp-json\/wp\/v2\/tags?post=41163"}],"curies":[{"name":"wp","href":"https:\/\/api.w.org\/{rel}","templated":true}]}}