{"id":41169,"date":"2022-02-21T20:36:19","date_gmt":"2022-02-21T23:36:19","guid":{"rendered":"https:\/\/www.portalalerta.com.br\/?p=41169"},"modified":"2022-02-21T20:36:21","modified_gmt":"2022-02-21T23:36:21","slug":"putin-ordena-envio-de-tropas-para-regioes-separatistas-no-leste-da-ucrania","status":"publish","type":"post","link":"https:\/\/www.portalalerta.com.br\/index.php\/2022\/02\/21\/putin-ordena-envio-de-tropas-para-regioes-separatistas-no-leste-da-ucrania\/","title":{"rendered":"Putin ordena envio de tropas para regi\u00f5es separatistas no leste da Ucr\u00e2nia"},"content":{"rendered":"\n<p>O\u00a0presidente russo, Vladimir Putin, ordenou que seu Minist\u00e9rio da Defesa envie tropas militares russas com o intuito de &#8220;manter a paz&#8221; nas duas regi\u00f5es separatistas do leste da Ucr\u00e2nia, de acordo com um decreto publicado na ter\u00e7a-feira (hor\u00e1rio local), depois que ele reconheceu a independ\u00eancia das localidades.<\/p>\n\n\n\n<!--more-->\n\n\n\n<p>Putin assinou decretos anteriormente para reconhecer as duas regi\u00f5es separatistas \u2014as autoproclamadas Rep\u00fablica Popular de Donetsk e a Rep\u00fablica Popular de Luhansk\u2014 como Estados independentes, desafiando os alertas ocidentais de que tal medida seria ilegal e encerraria as negocia\u00e7\u00f5es de paz.<\/p>\n\n\n\n<p>Mais cedo o Kremlin havia divulgado um comunicado informando que os l\u00edderes de Alemanha e Fran\u00e7a foram avisados do reconhecimento formal dessas regi\u00f5es como estados independentes.<\/p>\n\n\n\n<p>Durante seu discurso de quase 1 hora na TV russa, Putin afirmou que a Ucr\u00e2nia moderna foi &#8220;criada&#8221; pela R\u00fassia.<\/p>\n\n\n\n<p><strong><em>&#8220;Para a R\u00fassia, a Ucr\u00e2nia n\u00e3o \u00e9 apenas um pa\u00eds vizinho, mas parte da nossa hist\u00f3ria, dos nossos camaradas e parentes&#8221;,<\/em><\/strong><em> <\/em>afirmou<em>.<\/em><\/p>\n\n\n\n<p>Putin tamb\u00e9m disse que a R\u00fassia foi &#8220;roubada&#8221; com o colapso da Uni\u00e3o Sovi\u00e9tica em 1991. Ele declarou que <strong><em>&#8220;a Am\u00e9rica usou a Ucr\u00e2nia e a Ge\u00f3rgia [outra ex-rep\u00fablica sovi\u00e9tica] para implementar pol\u00edticas anti-R\u00fassia&#8221;<\/em><\/strong>.<\/p>\n\n\n\n<div class=\"wp-block-image\"><figure class=\"alignleft size-large is-resized\"><img fetchpriority=\"high\" decoding=\"async\" src=\"https:\/\/www.portalalerta.com.br\/wp-content\/uploads\/2021\/10\/Cred-Real-1024x1024.jpeg\" alt=\"\" class=\"wp-image-38729\" width=\"438\" height=\"438\" srcset=\"https:\/\/www.portalalerta.com.br\/wp-content\/uploads\/2021\/10\/Cred-Real-1024x1024.jpeg 1024w, https:\/\/www.portalalerta.com.br\/wp-content\/uploads\/2021\/10\/Cred-Real-240x240.jpeg 240w, https:\/\/www.portalalerta.com.br\/wp-content\/uploads\/2021\/10\/Cred-Real-768x768.jpeg 768w, https:\/\/www.portalalerta.com.br\/wp-content\/uploads\/2021\/10\/Cred-Real-1536x1536.jpeg 1536w, https:\/\/www.portalalerta.com.br\/wp-content\/uploads\/2021\/10\/Cred-Real-146x146.jpeg 146w, https:\/\/www.portalalerta.com.br\/wp-content\/uploads\/2021\/10\/Cred-Real-50x50.jpeg 50w, https:\/\/www.portalalerta.com.br\/wp-content\/uploads\/2021\/10\/Cred-Real-75x75.jpeg 75w, https:\/\/www.portalalerta.com.br\/wp-content\/uploads\/2021\/10\/Cred-Real-85x85.jpeg 85w, https:\/\/www.portalalerta.com.br\/wp-content\/uploads\/2021\/10\/Cred-Real-80x80.jpeg 80w, https:\/\/www.portalalerta.com.br\/wp-content\/uploads\/2021\/10\/Cred-Real.jpeg 1920w\" sizes=\"(max-width: 438px) 100vw, 438px\" \/><\/figure><\/div>\n\n\n\n<p>E tamb\u00e9m que os Estados Unidos e a Otan, a alian\u00e7a militar do Atl\u00e2ntico-Norte, transformaram a Ucr\u00e2nia em um &#8220;teatro de guerra&#8221;.<\/p>\n\n\n\n<p>O l\u00edder russo vinha exigindo garantias de que a Otan n\u00e3o admita a Ucr\u00e2nia, enquanto a alian\u00e7a ocidental nega que a ades\u00e3o represente qualquer amea\u00e7a a Moscou.<\/p>\n\n\n\n<p>No pronunciamento, Putin declarou que a expans\u00e3o da Otan representa um risco de um &#8220;ataque s\u00fabito&#8221; contra a R\u00fassia.<\/p>\n\n\n\n<p>&nbsp;&nbsp;<strong>Tens\u00e3o crescente<\/strong><\/p>\n\n\n\n<p>H\u00e1 temores de que uma interven\u00e7\u00e3o militar russa possa iniciar uma guerra ainda mais sangrenta do que o conflito no leste da Ucr\u00e2nia, que custou pelo menos 14 mil vidas.<\/p>\n\n\n\n<p>O Conselho de Seguran\u00e7a russo se reuniu nesta segunda e discutiu o tema. Putin ouviu integrantes do alto escal\u00e3o de seu governo discursarem sobre a necessidade de proteger as pessoas de Donbas (onde est\u00e3o Donetsk e Luhansk), que abrigam cidad\u00e3os russos, da amea\u00e7a de um choque com for\u00e7as militares da Ucr\u00e2nia.<\/p>\n\n\n\n<p><strong><em>&#8220;A situa\u00e7\u00e3o em Donbas se tornou cr\u00edtica&#8221;<\/em><\/strong>, disse Putin no pronunciamento.<\/p>\n\n\n\n<p><strong>Exerc\u00edcios militares<\/strong><\/p>\n\n\n\n<p>No domingo, Putin, e seu aliado, o l\u00edder de Belarus, Alexander Lukashenko, estenderam os exerc\u00edcios militares.<\/p>\n\n\n\n<p>Um comunicado citou a &#8220;deteriora\u00e7\u00e3o da situa\u00e7\u00e3o&#8221; no leste da Ucr\u00e2nia como uma das raz\u00f5es para manter cerca de 30 mil soldados russos em Belarus.<\/p>\n\n\n\n<p>A medida aumentou os temores de que a R\u00fassia planeje uma invas\u00e3o da Ucr\u00e2nia, que divide uma longa fronteira com Belarus.<\/p>\n\n\n\n<p>L\u00edderes ocidentais acusaram Moscou de buscar um pretexto para enviar tropas.<\/p>\n\n\n\n<p>A R\u00fassia negou que planeja invadir seu vizinho.<\/p>\n\n\n\n<p>O secret\u00e1rio de Estado dos Estados Unidos, Antony Blinken, disse que a extens\u00e3o dos exerc\u00edcios militares mostra que o mundo est\u00e1 \u00e0 beira da guerra.<\/p>\n\n\n\n<p><strong>Explos\u00f5es<\/strong><\/p>\n\n\n\n<p>As tens\u00f5es no leste da Ucr\u00e2nia foram discutidas pelo presidente da Fran\u00e7a, Emmanuel Macron, e por Putin em um telefonema neste domingo. O presidente russo culpou os militares ucranianos pela escalada das tens\u00f5es no Donbas.<\/p>\n\n\n\n<p>A Fran\u00e7a disse que a dupla concordou em trabalhar por um cessar-fogo na linha de contato no leste da Ucr\u00e2nia.<\/p>\n\n\n\n<p>Houve mais explos\u00f5es na zona de conflito do leste da Ucr\u00e2nia durante a noite e no domingo.<\/p>\n\n\n\n<p>Detona\u00e7\u00f5es podiam ser ouvidas da cidade de Donetsk, controlada pelos separatistas, enquanto ambos os lados disseram estarem sob forte fogo de artilharia.<\/p>\n\n\n\n<p>Enquanto as explos\u00f5es aconteciam em Donetsk na manh\u00e3 de domingo, rebeldes apoiados pela R\u00fassia em Luhansk acusaram as for\u00e7as do governo de cruzar a linha de frente para lan\u00e7ar um ataque que matou dois civis. Nenhuma prova foi dada para a alega\u00e7\u00e3o, mas investigadores russos abriram um inqu\u00e9rito.<\/p>\n\n\n\n<p>Os rebeldes e as for\u00e7as do governo trocaram acusa\u00e7\u00f5es de viola\u00e7\u00e3o do cessar-fogo dezenas de vezes neste domingo.<\/p>\n\n\n\n<p>Dois soldados ucranianos foram mortos no s\u00e1bado (19\/2), quando observadores internacionais relataram que as viola\u00e7\u00f5es do cessar-fogo aumentaram dramaticamente nesta semana.<\/p>\n\n\n\n<p>Milhares de civis est\u00e3o sendo evacuados dos territ\u00f3rios separatistas para a R\u00fassia enquanto homens em idade de combate foram convocados a lutar.<\/p>\n\n\n\n<p>A embaixada do Brasil em Kiev emitiu um aviso pedindo a cidad\u00e3os brasileiros que deixem as regi\u00f5es separatistas de Donetsk e Luhansk <strong><em>&#8220;sem demora&#8221;<\/em><\/strong>.<\/p>\n\n\n\n<p>Segundo a representa\u00e7\u00e3o diplom\u00e1tica, a orienta\u00e7\u00e3o tem como base o <strong><em>&#8220;contexto do aumento das viola\u00e7\u00f5es de cessar-fogo registradas na linha de contato no leste da Ucr\u00e2nia&#8221;<\/em><\/strong>.<\/p>\n\n\n\n<p>Outros 35 pa\u00edses tamb\u00e9m pediram que seus cidad\u00e3os deixem o territ\u00f3rio ucraniano diante da escalada das tens\u00f5es na regi\u00e3o e da possibilidade de confronto armado.<\/p>\n\n\n\n<p>Falando enquanto se preparava para deixar Donetsk para a R\u00fassia de \u00f4nibus com sua filha de quatro anos, uma mulher que se identificou como Tatyana disse \u00e0 ag\u00eancia de not\u00edcias Reuters: <strong><em>&#8220;\u00c9 realmente assustador. Levei tudo o que pude carregar&#8221;<\/em><\/strong>.<\/p>\n\n\n\n<p>A R\u00fassia reuniu at\u00e9 190 mil soldados, incluindo for\u00e7as separatistas nas regi\u00f5es de Donetsk e Luhansk, segundo estimativas dos EUA.<\/p>\n\n\n\n<p>Enquanto isso, l\u00edderes ocidentais est\u00e3o preparando san\u00e7\u00f5es contra a R\u00fassia em caso de invas\u00e3o.<\/p>\n\n\n\n<p>O primeiro-ministro do Reino Unido, Boris Johnson, disse, em entrevista \u00e0 BBC, que as san\u00e7\u00f5es ser\u00e3o &#8220;muito, muito duras&#8221;.<\/p>\n\n\n\n<p>Segundo o premi\u00ea, evid\u00eancias indicam que Moscou est\u00e1 planejando <strong><em>&#8220;a maior guerra na Europa desde 1945&#8221;<\/em><\/strong>.<\/p>\n\n\n\n<p>O presidente do Conselho Europeu, Charles Michel, disse que a Uni\u00e3o Europeia est\u00e1 pronta para impor san\u00e7\u00f5es massivas ao Kremlin \u2014 at\u00e9 mesmo prejudicando sua pr\u00f3pria economia, se necess\u00e1rio \u2014 para enfrentar a agress\u00e3o militar russa.<\/p>\n\n\n\n<p>Mas o presidente da Ucr\u00e2nia, Volodymr Zelensky, acusou os l\u00edderes ocidentais de uma <strong><em>&#8220;pol\u00edtica de apaziguamento&#8221;<\/em><\/strong> em rela\u00e7\u00e3o a Moscou e exigiu garantias de seguran\u00e7a para a Ucr\u00e2nia, que oficialmente aspira a se juntar \u00e0 Otan (Organiza\u00e7\u00e3o do Tratado do Atl\u00e2ntico Norte, uma alian\u00e7a militar ocidental) e \u00e0 UE.<\/p>\n\n\n\n<p><em>Fonte: Yahoo Not\u00edcias<\/em><\/p>\n","protected":false},"excerpt":{"rendered":"<p>O\u00a0presidente russo, Vladimir Putin, ordenou que seu Minist\u00e9rio da Defesa envie tropas militares russas com o intuito de &#8220;manter a paz&#8221; nas duas regi\u00f5es separatistas do leste da Ucr\u00e2nia, de acordo com um decreto publicado na ter\u00e7a-feira (hor\u00e1rio local), depois que ele reconheceu a independ\u00eancia das localidades.<\/p>\n","protected":false},"author":2,"featured_media":41170,"comment_status":"open","ping_status":"open","sticky":false,"template":"","format":"standard","meta":{"om_disable_all_campaigns":false,"_monsterinsights_skip_tracking":false,"_monsterinsights_sitenote_active":false,"_monsterinsights_sitenote_note":"","_monsterinsights_sitenote_category":0,"footnotes":""},"categories":[70,35,69],"tags":[835,339,826,3331],"class_list":["post-41169","post","type-post","status-publish","format-standard","has-post-thumbnail","hentry","category-destaques","category-mundo","category-noticias2","tag-guerra","tag-mundo","tag-russia","tag-ucrania"],"aioseo_notices":[],"_links":{"self":[{"href":"https:\/\/www.portalalerta.com.br\/index.php\/wp-json\/wp\/v2\/posts\/41169","targetHints":{"allow":["GET"]}}],"collection":[{"href":"https:\/\/www.portalalerta.com.br\/index.php\/wp-json\/wp\/v2\/posts"}],"about":[{"href":"https:\/\/www.portalalerta.com.br\/index.php\/wp-json\/wp\/v2\/types\/post"}],"author":[{"embeddable":true,"href":"https:\/\/www.portalalerta.com.br\/index.php\/wp-json\/wp\/v2\/users\/2"}],"replies":[{"embeddable":true,"href":"https:\/\/www.portalalerta.com.br\/index.php\/wp-json\/wp\/v2\/comments?post=41169"}],"version-history":[{"count":1,"href":"https:\/\/www.portalalerta.com.br\/index.php\/wp-json\/wp\/v2\/posts\/41169\/revisions"}],"predecessor-version":[{"id":41171,"href":"https:\/\/www.portalalerta.com.br\/index.php\/wp-json\/wp\/v2\/posts\/41169\/revisions\/41171"}],"wp:featuredmedia":[{"embeddable":true,"href":"https:\/\/www.portalalerta.com.br\/index.php\/wp-json\/wp\/v2\/media\/41170"}],"wp:attachment":[{"href":"https:\/\/www.portalalerta.com.br\/index.php\/wp-json\/wp\/v2\/media?parent=41169"}],"wp:term":[{"taxonomy":"category","embeddable":true,"href":"https:\/\/www.portalalerta.com.br\/index.php\/wp-json\/wp\/v2\/categories?post=41169"},{"taxonomy":"post_tag","embeddable":true,"href":"https:\/\/www.portalalerta.com.br\/index.php\/wp-json\/wp\/v2\/tags?post=41169"}],"curies":[{"name":"wp","href":"https:\/\/api.w.org\/{rel}","templated":true}]}}