{"id":41172,"date":"2022-02-21T20:41:22","date_gmt":"2022-02-21T23:41:22","guid":{"rendered":"https:\/\/www.portalalerta.com.br\/?p=41172"},"modified":"2022-02-21T20:41:24","modified_gmt":"2022-02-21T23:41:24","slug":"randolfe-aciona-stf-para-que-augusto-aras-seja-investigado-por-prevaricacao","status":"publish","type":"post","link":"https:\/\/www.portalalerta.com.br\/index.php\/2022\/02\/21\/randolfe-aciona-stf-para-que-augusto-aras-seja-investigado-por-prevaricacao\/","title":{"rendered":"Randolfe aciona STF para que Augusto Aras seja investigado por prevarica\u00e7\u00e3o"},"content":{"rendered":"\n<p>O senador Randolfe Rodrigues (Rede-AP) afirmou nesta segunda-feira (21), por meio de suas redes sociais, que acionou o STF (Supremo Tribunal Federal) para que o Procurador-Geral da Rep\u00fablica, Augusto Aras, seja investigado por suposto crime de prevarica\u00e7\u00e3o.<\/p>\n\n\n\n<!--more-->\n\n\n\n<p>Isso acontece porque, na semana passada, Aras pediu para que o Supremo\u00a0arquivasse o inqu\u00e9rito\u00a0da Pol\u00edcia Federal que investiga um suposto vazamento de informa\u00e7\u00f5es sigilosas, por parte do presidente Jair Bolsonaro (PL), sobre um ataque hacker ao Tribunal Superior Eleitoral (TSE).<\/p>\n\n\n\n<p>No ano passado, o presidente da Rep\u00fablica divulgou para uma documenta\u00e7\u00e3o da PF para seus apoiadores. Na ocasi\u00e3o, ele criticava as urnas eletr\u00f4nicas e o sistema eleitoral brasileiro. Bolsonaro tinha sido intimado a depor, mas n\u00e3o compareceu.<\/p>\n\n\n\n<p>ATEN\u00c7\u00c3O! Acabamos de acionar o STF para investigar o Sr. PGR, Augusto Aras, por prevarica\u00e7\u00e3o. Mesmo com a PF apontando o crime, Aras se manifestou pelo arquivamento de inqu\u00e9rito em que se atribuiu ao Bolsonaro a pr\u00e1tica de crime de viola\u00e7\u00e3o de sigilo.&nbsp;<a href=\"https:\/\/t.co\/zWBvL2L76T\" target=\"_blank\" rel=\"noreferrer noopener\">https:\/\/t.co\/zWBvL2L76T<\/a><\/p>\n\n\n\n<p>\u2014 Randolfe Rodrigues \ud83d\udc89\ud83d\udc53 (@randolfeap)\u00a0February 21, 2022<\/p>\n\n\n\n<p><strong><em>\u201cMesmo com a PF apontando o crime, Aras se manifestou pelo arquivamento de inqu\u00e9rito em que se atribuiu ao Bolsonaro a pr\u00e1tica de crime de viola\u00e7\u00e3o de sigilo\u201d<\/em><\/strong>, escreveu Randolfe Rodrigues na conta em que mant\u00e9m no Twitter.<\/p>\n\n\n\n<p>Na avalia\u00e7\u00e3o do PGR,\u00a0n\u00e3o houve crime de viola\u00e7\u00e3o de sigilo funcional\u00a0por parte de Bolsonaro porque os documentos vazados n\u00e3o estariam sob sigilo.<\/p>\n\n\n\n<p><em>Fonte: Yahoo Not\u00edcias<\/em><\/p>\n","protected":false},"excerpt":{"rendered":"<p>O senador Randolfe Rodrigues (Rede-AP) afirmou nesta segunda-feira (21), por meio de suas redes sociais, que acionou o STF (Supremo Tribunal Federal) para que o Procurador-Geral da Rep\u00fablica, Augusto Aras, seja investigado por suposto crime de prevarica\u00e7\u00e3o.<\/p>\n","protected":false},"author":2,"featured_media":24522,"comment_status":"open","ping_status":"open","sticky":false,"template":"","format":"standard","meta":{"om_disable_all_campaigns":false,"_monsterinsights_skip_tracking":false,"_monsterinsights_sitenote_active":false,"_monsterinsights_sitenote_note":"","_monsterinsights_sitenote_category":0,"footnotes":""},"categories":[34,70,69,21],"tags":[3099,93,411,199,3677],"class_list":["post-41172","post","type-post","status-publish","format-standard","has-post-thumbnail","hentry","category-brasil","category-destaques","category-noticias2","category-politica","tag-augusto-aras","tag-brasil","tag-pgr","tag-politica","tag-randolfe-rodrigues"],"aioseo_notices":[],"_links":{"self":[{"href":"https:\/\/www.portalalerta.com.br\/index.php\/wp-json\/wp\/v2\/posts\/41172","targetHints":{"allow":["GET"]}}],"collection":[{"href":"https:\/\/www.portalalerta.com.br\/index.php\/wp-json\/wp\/v2\/posts"}],"about":[{"href":"https:\/\/www.portalalerta.com.br\/index.php\/wp-json\/wp\/v2\/types\/post"}],"author":[{"embeddable":true,"href":"https:\/\/www.portalalerta.com.br\/index.php\/wp-json\/wp\/v2\/users\/2"}],"replies":[{"embeddable":true,"href":"https:\/\/www.portalalerta.com.br\/index.php\/wp-json\/wp\/v2\/comments?post=41172"}],"version-history":[{"count":1,"href":"https:\/\/www.portalalerta.com.br\/index.php\/wp-json\/wp\/v2\/posts\/41172\/revisions"}],"predecessor-version":[{"id":41173,"href":"https:\/\/www.portalalerta.com.br\/index.php\/wp-json\/wp\/v2\/posts\/41172\/revisions\/41173"}],"wp:featuredmedia":[{"embeddable":true,"href":"https:\/\/www.portalalerta.com.br\/index.php\/wp-json\/wp\/v2\/media\/24522"}],"wp:attachment":[{"href":"https:\/\/www.portalalerta.com.br\/index.php\/wp-json\/wp\/v2\/media?parent=41172"}],"wp:term":[{"taxonomy":"category","embeddable":true,"href":"https:\/\/www.portalalerta.com.br\/index.php\/wp-json\/wp\/v2\/categories?post=41172"},{"taxonomy":"post_tag","embeddable":true,"href":"https:\/\/www.portalalerta.com.br\/index.php\/wp-json\/wp\/v2\/tags?post=41172"}],"curies":[{"name":"wp","href":"https:\/\/api.w.org\/{rel}","templated":true}]}}