{"id":41177,"date":"2022-02-21T21:11:57","date_gmt":"2022-02-22T00:11:57","guid":{"rendered":"https:\/\/www.portalalerta.com.br\/?p=41177"},"modified":"2022-02-21T21:11:58","modified_gmt":"2022-02-22T00:11:58","slug":"idoso-de-85-anos-e-a-44a-vitima-da-covid-19-em-cicero-dantas-ba","status":"publish","type":"post","link":"https:\/\/www.portalalerta.com.br\/index.php\/2022\/02\/21\/idoso-de-85-anos-e-a-44a-vitima-da-covid-19-em-cicero-dantas-ba\/","title":{"rendered":"Idoso de 85 anos \u00e9 a 44\u00aa v\u00edtima da Covid-19 em C\u00edcero Dantas-BA"},"content":{"rendered":"\n<p>O munic\u00edpio de C\u00edcero Dantas (BA) registrou na manh\u00e3 deste domingo (20) a 44\u00aa morte em decorr\u00eancia da Covid-19, desde o in\u00edcio da pandemia. A v\u00edtima \u00e9 um idoso de 85 anos de idade, que segundo nota de pesar divulgada pela prefeitura, n\u00e3o possu\u00eda comorbidades.<\/p>\n\n\n\n<!--more-->\n\n\n\n<p>O mesmo deu entrada no Hospital Municipal Luiz Eduardo Magalh\u00e3es na \u00faltima quarta-feira (16) apresentando sintomas de desconforto respirat\u00f3rio e febre. J\u00e1 no dia seguinte, foi submetido \u00e0 testagem, que apresentou resultado positivo para a infec\u00e7\u00e3o. Em seguida, o paciente foi inserido na regula\u00e7\u00e3o para capital baiana.<\/p>\n\n\n\n<div class=\"wp-block-image\"><figure class=\"aligncenter size-full\"><img fetchpriority=\"high\" decoding=\"async\" width=\"720\" height=\"181\" src=\"https:\/\/www.portalalerta.com.br\/wp-content\/uploads\/2018\/02\/Auto-Escola-Nobre.jpg\" alt=\"\" class=\"wp-image-4869\" srcset=\"https:\/\/www.portalalerta.com.br\/wp-content\/uploads\/2018\/02\/Auto-Escola-Nobre.jpg 720w, https:\/\/www.portalalerta.com.br\/wp-content\/uploads\/2018\/02\/Auto-Escola-Nobre-260x65.jpg 260w, https:\/\/www.portalalerta.com.br\/wp-content\/uploads\/2018\/02\/Auto-Escola-Nobre-50x13.jpg 50w, https:\/\/www.portalalerta.com.br\/wp-content\/uploads\/2018\/02\/Auto-Escola-Nobre-150x38.jpg 150w\" sizes=\"(max-width: 720px) 100vw, 720px\" \/><\/figure><\/div>\n\n\n\n<p><br>Contudo, diante do agravamento do seu cen\u00e1rio cl\u00ednico, o mesmo n\u00e3o resistiu \u00e0s complica\u00e7\u00f5es e evoluiu a \u00f3bito no \u00faltimo domingo (20).<br><br><strong><em>QUEDA CONSIDER\u00c1VEL<\/em><\/strong><br><br>O n\u00famero de casos ativos do coronav\u00edrus em C\u00edcero Dantas caiu em rela\u00e7\u00e3o \u00e0 sexta-feira (18) \u2013 de 80 para 32 infec\u00e7\u00f5es. No momento, a cidade ainda tem 02 pessoas internadas no hospital local.<br><strong><em><br>Fonte: C\u00edcero Dantas Acontece<\/em><\/strong><\/p>\n\n\n\n<p><strong><em>Com informa\u00e7\u00f5es: Sert\u00e3o em Pauta<\/em><\/strong><\/p>\n","protected":false},"excerpt":{"rendered":"<p>O munic\u00edpio de C\u00edcero Dantas (BA) registrou na manh\u00e3 deste domingo (20) a 44\u00aa morte em decorr\u00eancia da Covid-19, desde o in\u00edcio da pandemia. A v\u00edtima \u00e9 um idoso de 85 anos de idade, que segundo nota de pesar divulgada pela prefeitura, n\u00e3o possu\u00eda comorbidades.<\/p>\n","protected":false},"author":2,"featured_media":33789,"comment_status":"open","ping_status":"open","sticky":false,"template":"","format":"standard","meta":{"om_disable_all_campaigns":false,"_monsterinsights_skip_tracking":false,"_monsterinsights_sitenote_active":false,"_monsterinsights_sitenote_note":"","_monsterinsights_sitenote_category":0,"footnotes":""},"categories":[4,70,69,32,19],"tags":[75,3429,3486,355,169,61],"class_list":["post-41177","post","type-post","status-publish","format-standard","has-post-thumbnail","hentry","category-cicero-dantas","category-destaques","category-noticias2","category-regiao","category-saude","tag-cicero-dantas","tag-coronavirus","tag-covid-19","tag-idoso","tag-morte","tag-saude"],"aioseo_notices":[],"_links":{"self":[{"href":"https:\/\/www.portalalerta.com.br\/index.php\/wp-json\/wp\/v2\/posts\/41177","targetHints":{"allow":["GET"]}}],"collection":[{"href":"https:\/\/www.portalalerta.com.br\/index.php\/wp-json\/wp\/v2\/posts"}],"about":[{"href":"https:\/\/www.portalalerta.com.br\/index.php\/wp-json\/wp\/v2\/types\/post"}],"author":[{"embeddable":true,"href":"https:\/\/www.portalalerta.com.br\/index.php\/wp-json\/wp\/v2\/users\/2"}],"replies":[{"embeddable":true,"href":"https:\/\/www.portalalerta.com.br\/index.php\/wp-json\/wp\/v2\/comments?post=41177"}],"version-history":[{"count":1,"href":"https:\/\/www.portalalerta.com.br\/index.php\/wp-json\/wp\/v2\/posts\/41177\/revisions"}],"predecessor-version":[{"id":41178,"href":"https:\/\/www.portalalerta.com.br\/index.php\/wp-json\/wp\/v2\/posts\/41177\/revisions\/41178"}],"wp:featuredmedia":[{"embeddable":true,"href":"https:\/\/www.portalalerta.com.br\/index.php\/wp-json\/wp\/v2\/media\/33789"}],"wp:attachment":[{"href":"https:\/\/www.portalalerta.com.br\/index.php\/wp-json\/wp\/v2\/media?parent=41177"}],"wp:term":[{"taxonomy":"category","embeddable":true,"href":"https:\/\/www.portalalerta.com.br\/index.php\/wp-json\/wp\/v2\/categories?post=41177"},{"taxonomy":"post_tag","embeddable":true,"href":"https:\/\/www.portalalerta.com.br\/index.php\/wp-json\/wp\/v2\/tags?post=41177"}],"curies":[{"name":"wp","href":"https:\/\/api.w.org\/{rel}","templated":true}]}}