{"id":41182,"date":"2022-02-22T07:01:00","date_gmt":"2022-02-22T10:01:00","guid":{"rendered":"https:\/\/www.portalalerta.com.br\/?p=41182"},"modified":"2022-02-21T23:23:02","modified_gmt":"2022-02-22T02:23:02","slug":"numero-de-assassinatos-despenca-no-brasil-em-2021-e-e-o-menor-da-serie-historica","status":"publish","type":"post","link":"https:\/\/www.portalalerta.com.br\/index.php\/2022\/02\/22\/numero-de-assassinatos-despenca-no-brasil-em-2021-e-e-o-menor-da-serie-historica\/","title":{"rendered":"N\u00famero de assassinatos despenca no Brasil em 2021 e \u00e9 o menor da s\u00e9rie hist\u00f3rica"},"content":{"rendered":"\n<p>O n\u00famero de assassinatos no Brasil caiu 7% em 2021 na compara\u00e7\u00e3o com o ano anterior. \u00c9 o que mostra o \u00edndice nacional de homic\u00eddios criado pelo g1, com base em dados oficiais dos 26 estados e do Distrito Federal.<\/p>\n\n\n\n<!--more-->\n\n\n\n<p>Em todo o ano passado, foram registradas 41,1 mil mortes violentas intencionais no pa\u00eds \u2013 3 mil a menos que em 2020. Trata-se do menor n\u00famero de toda a s\u00e9rie hist\u00f3rica do F\u00f3rum Brasileiro de Seguran\u00e7a P\u00fablica, que coleta os dados desde 2007.<\/p>\n\n\n\n<p>Est\u00e3o contabilizadas no n\u00famero as v\u00edtimas dos seguintes crimes:<\/p>\n\n\n\n<ul class=\"wp-block-list\"><li>homic\u00eddios dolosos (incluindo os feminic\u00eddios)<\/li><li>latroc\u00ednios (roubos seguidos de morte)<\/li><li>les\u00f5es corporais seguidas de morte<\/li><\/ul>\n\n\n\n<p>A diminui\u00e7\u00e3o dos assassinatos em 2021 retoma a tend\u00eancia de queda registrada no pa\u00eds pelo Monitor da Viol\u00eancia desde o balan\u00e7o de 2018. Esta tend\u00eancia foi interrompida em 2020, ano que teve uma alta de mais de 5% em plena pandemia, mas voltou a ser registrada em 2021.<\/p>\n\n\n\n<p>Com a redu\u00e7\u00e3o, o n\u00famero de mortes volta ao patamar de 2019, quando foram registradas 41,7 mil mortes. Naquele ano, houve a maior queda da s\u00e9rie, de 19%.<\/p>\n\n\n\n<p><strong>Menor n\u00famero em 14 anos<\/strong><\/p>\n\n\n\n<p>O n\u00famero de assassinatos no Brasil em 2021 \u00e9 o menor se for levada em conta a s\u00e9rie hist\u00f3rica do F\u00f3rum Brasileiro de Seguran\u00e7a P\u00fablica, iniciada em 2007, e os levantamentos realizados pelo Monitor da Viol\u00eancia desde 2018.<\/p>\n\n\n\n<p>O patamar impressiona porque, at\u00e9 2011, o F\u00f3rum contabilizava as ocorr\u00eancias (em que \u00e9 poss\u00edvel ter mais de uma v\u00edtima). J\u00e1 os dados coletados desde 2012 pelo F\u00f3rum e desde 2018 pelo g1 se referem a n\u00fameros de v\u00edtimas. Mesmo assim, os n\u00fameros de 2019, 2020 e 2021 s\u00e3o os menores da s\u00e9rie hist\u00f3rica.<\/p>\n\n\n\n<p><em>Fonte: Pombal Not\u00edcias<\/em><\/p>\n\n\n\n<p><em>Com informa\u00e7\u00f5es: Terra Brasil<\/em> &nbsp;<\/p>\n","protected":false},"excerpt":{"rendered":"<p>O n\u00famero de assassinatos no Brasil caiu 7% em 2021 na compara\u00e7\u00e3o com o ano anterior. \u00c9 o que mostra o \u00edndice nacional de homic\u00eddios criado pelo g1, com base em dados oficiais dos 26 estados e do Distrito Federal.<\/p>\n","protected":false},"author":2,"featured_media":18412,"comment_status":"open","ping_status":"open","sticky":false,"template":"","format":"standard","meta":{"om_disable_all_campaigns":false,"_monsterinsights_skip_tracking":false,"_monsterinsights_sitenote_active":false,"_monsterinsights_sitenote_note":"","_monsterinsights_sitenote_category":0,"footnotes":""},"categories":[34,70,69,22],"tags":[93,2074],"class_list":["post-41182","post","type-post","status-publish","format-standard","has-post-thumbnail","hentry","category-brasil","category-destaques","category-noticias2","category-seguranca","tag-brasil","tag-homicidios"],"aioseo_notices":[],"_links":{"self":[{"href":"https:\/\/www.portalalerta.com.br\/index.php\/wp-json\/wp\/v2\/posts\/41182","targetHints":{"allow":["GET"]}}],"collection":[{"href":"https:\/\/www.portalalerta.com.br\/index.php\/wp-json\/wp\/v2\/posts"}],"about":[{"href":"https:\/\/www.portalalerta.com.br\/index.php\/wp-json\/wp\/v2\/types\/post"}],"author":[{"embeddable":true,"href":"https:\/\/www.portalalerta.com.br\/index.php\/wp-json\/wp\/v2\/users\/2"}],"replies":[{"embeddable":true,"href":"https:\/\/www.portalalerta.com.br\/index.php\/wp-json\/wp\/v2\/comments?post=41182"}],"version-history":[{"count":1,"href":"https:\/\/www.portalalerta.com.br\/index.php\/wp-json\/wp\/v2\/posts\/41182\/revisions"}],"predecessor-version":[{"id":41183,"href":"https:\/\/www.portalalerta.com.br\/index.php\/wp-json\/wp\/v2\/posts\/41182\/revisions\/41183"}],"wp:featuredmedia":[{"embeddable":true,"href":"https:\/\/www.portalalerta.com.br\/index.php\/wp-json\/wp\/v2\/media\/18412"}],"wp:attachment":[{"href":"https:\/\/www.portalalerta.com.br\/index.php\/wp-json\/wp\/v2\/media?parent=41182"}],"wp:term":[{"taxonomy":"category","embeddable":true,"href":"https:\/\/www.portalalerta.com.br\/index.php\/wp-json\/wp\/v2\/categories?post=41182"},{"taxonomy":"post_tag","embeddable":true,"href":"https:\/\/www.portalalerta.com.br\/index.php\/wp-json\/wp\/v2\/tags?post=41182"}],"curies":[{"name":"wp","href":"https:\/\/api.w.org\/{rel}","templated":true}]}}