{"id":41184,"date":"2022-02-22T07:02:00","date_gmt":"2022-02-22T10:02:00","guid":{"rendered":"https:\/\/www.portalalerta.com.br\/?p=41184"},"modified":"2022-02-21T23:32:48","modified_gmt":"2022-02-22T02:32:48","slug":"rui-diz-que-seu-nome-estara-a-disposicao-para-concorrer-ao-senado-mas-fara-o-que-o-partido-decidir","status":"publish","type":"post","link":"https:\/\/www.portalalerta.com.br\/index.php\/2022\/02\/22\/rui-diz-que-seu-nome-estara-a-disposicao-para-concorrer-ao-senado-mas-fara-o-que-o-partido-decidir\/","title":{"rendered":"Rui diz que seu nome estar\u00e1 \u00e0 disposi\u00e7\u00e3o para concorrer ao Senado, mas far\u00e1 o que o Partido decidir"},"content":{"rendered":"\n<p>O governador declarou ainda ser contra a federa\u00e7\u00e3o partid\u00e1ria em n\u00edveis municipais<\/p>\n\n\n\n<!--more-->\n\n\n\n<p>O governador Rui Costa declarou ser contra a federa\u00e7\u00e3o partid\u00e1ria em n\u00edveis municipais, em entrevista a Globo News, nessa segunda-feira (21). A entrevista foi ao ar \u00e0s 23h30.<\/p>\n\n\n\n<div class=\"wp-block-image\"><figure class=\"alignleft size-full is-resized\"><img fetchpriority=\"high\" decoding=\"async\" src=\"https:\/\/www.portalalerta.com.br\/wp-content\/uploads\/2021\/04\/ELAB.jpg\" alt=\"\" class=\"wp-image-34795\" width=\"392\" height=\"313\" srcset=\"https:\/\/www.portalalerta.com.br\/wp-content\/uploads\/2021\/04\/ELAB.jpg 1000w, https:\/\/www.portalalerta.com.br\/wp-content\/uploads\/2021\/04\/ELAB-300x240.jpg 300w, https:\/\/www.portalalerta.com.br\/wp-content\/uploads\/2021\/04\/ELAB-768x614.jpg 768w, https:\/\/www.portalalerta.com.br\/wp-content\/uploads\/2021\/04\/ELAB-183x146.jpg 183w, https:\/\/www.portalalerta.com.br\/wp-content\/uploads\/2021\/04\/ELAB-50x40.jpg 50w, https:\/\/www.portalalerta.com.br\/wp-content\/uploads\/2021\/04\/ELAB-94x75.jpg 94w\" sizes=\"(max-width: 392px) 100vw, 392px\" \/><\/figure><\/div>\n\n\n\n<p>Rui explica que a federa\u00e7\u00e3o pode ser boa agora como um pacto, um acordo para governar o Brasil, mas dif\u00edcil de aplicar nos munic\u00edpios. Na Bahia os partidos coligados com Rui diferem do pacto nacional que o PT quer construir com o PSB.<\/p>\n\n\n\n<p>Um exemplo \u00e9 o PP, de Ciro Nogueira, que apoia o presidente Jair Bolsonaro, mas ocupa a vice-governadoria no estado, com Jo\u00e3o Le\u00e3o.<\/p>\n\n\n\n<p>Rui Costa deu ainda sugest\u00f5es para a retomada da economia no pa\u00eds, falou sobre a sucess\u00e3o no estado e seu desejo de ajudar o seu grupo pol\u00edtico da melhor maneira poss\u00edvel. Segundo o governador, se decidirem que ele deve concluir o mandato, ele o far\u00e1, mas que seu nome tamb\u00e9m est\u00e1 \u00e0 disposi\u00e7\u00e3o para concorrer ao Senado.<\/p>\n\n\n\n<p><em>Fonte: Metro1&nbsp;&nbsp;<\/em><\/p>\n","protected":false},"excerpt":{"rendered":"<p>O governador declarou ainda ser contra a federa\u00e7\u00e3o partid\u00e1ria em n\u00edveis municipais<\/p>\n","protected":false},"author":2,"featured_media":14307,"comment_status":"open","ping_status":"open","sticky":false,"template":"","format":"standard","meta":{"om_disable_all_campaigns":false,"_monsterinsights_skip_tracking":false,"_monsterinsights_sitenote_active":false,"_monsterinsights_sitenote_note":"","_monsterinsights_sitenote_category":0,"footnotes":""},"categories":[33,70,69,21],"tags":[54,283,304,282,233],"class_list":["post-41184","post","type-post","status-publish","format-standard","has-post-thumbnail","hentry","category-bahia","category-destaques","category-noticias2","category-politica","tag-bahia","tag-governador","tag-pt","tag-rui-costa","tag-senador"],"aioseo_notices":[],"_links":{"self":[{"href":"https:\/\/www.portalalerta.com.br\/index.php\/wp-json\/wp\/v2\/posts\/41184","targetHints":{"allow":["GET"]}}],"collection":[{"href":"https:\/\/www.portalalerta.com.br\/index.php\/wp-json\/wp\/v2\/posts"}],"about":[{"href":"https:\/\/www.portalalerta.com.br\/index.php\/wp-json\/wp\/v2\/types\/post"}],"author":[{"embeddable":true,"href":"https:\/\/www.portalalerta.com.br\/index.php\/wp-json\/wp\/v2\/users\/2"}],"replies":[{"embeddable":true,"href":"https:\/\/www.portalalerta.com.br\/index.php\/wp-json\/wp\/v2\/comments?post=41184"}],"version-history":[{"count":1,"href":"https:\/\/www.portalalerta.com.br\/index.php\/wp-json\/wp\/v2\/posts\/41184\/revisions"}],"predecessor-version":[{"id":41185,"href":"https:\/\/www.portalalerta.com.br\/index.php\/wp-json\/wp\/v2\/posts\/41184\/revisions\/41185"}],"wp:featuredmedia":[{"embeddable":true,"href":"https:\/\/www.portalalerta.com.br\/index.php\/wp-json\/wp\/v2\/media\/14307"}],"wp:attachment":[{"href":"https:\/\/www.portalalerta.com.br\/index.php\/wp-json\/wp\/v2\/media?parent=41184"}],"wp:term":[{"taxonomy":"category","embeddable":true,"href":"https:\/\/www.portalalerta.com.br\/index.php\/wp-json\/wp\/v2\/categories?post=41184"},{"taxonomy":"post_tag","embeddable":true,"href":"https:\/\/www.portalalerta.com.br\/index.php\/wp-json\/wp\/v2\/tags?post=41184"}],"curies":[{"name":"wp","href":"https:\/\/api.w.org\/{rel}","templated":true}]}}