{"id":41186,"date":"2022-02-22T07:03:00","date_gmt":"2022-02-22T10:03:00","guid":{"rendered":"https:\/\/www.portalalerta.com.br\/?p=41186"},"modified":"2022-02-21T23:42:39","modified_gmt":"2022-02-22T02:42:39","slug":"ribeira-do-pombal-ba-lidera-vacinacao-infantil-no-nordeste-da-bahia","status":"publish","type":"post","link":"https:\/\/www.portalalerta.com.br\/index.php\/2022\/02\/22\/ribeira-do-pombal-ba-lidera-vacinacao-infantil-no-nordeste-da-bahia\/","title":{"rendered":"Ribeira do Pombal-BA lidera vacina\u00e7\u00e3o infantil no nordeste da Bahia"},"content":{"rendered":"\n<p>O governo da Bahia disponibiliza informa\u00e7\u00f5es sobre o andamento da execu\u00e7\u00e3o das vacinas contra a COVID-19 no Estado, atrav\u00e9s do site <strong><a href=\"https:\/\/bi.saude.ba.gov.br\/vacinacao\">https:\/\/bi.saude.ba.gov.br\/vacinacao<\/a><\/strong>. Quem acessou esse sistema nessa segunda-feira, 21\/02, p\u00f4de verificar a classifica\u00e7\u00e3o de Ribeira do Pombal-BA na lideran\u00e7a da vacina\u00e7\u00e3o pedi\u00e1trica dentre os munic\u00edpios da Regi\u00e3o de Sa\u00fade Nordeste, que compreende as macroregi\u00f5es de Alagoinhas e Ribeira do Pombal.<\/p>\n\n\n\n<!--more-->\n\n\n\n<div class=\"wp-block-image\"><figure class=\"aligncenter size-full\"><img fetchpriority=\"high\" decoding=\"async\" width=\"720\" height=\"181\" src=\"https:\/\/www.portalalerta.com.br\/wp-content\/uploads\/2018\/02\/Auto-Escola-Nobre.jpg\" alt=\"\" class=\"wp-image-4869\" srcset=\"https:\/\/www.portalalerta.com.br\/wp-content\/uploads\/2018\/02\/Auto-Escola-Nobre.jpg 720w, https:\/\/www.portalalerta.com.br\/wp-content\/uploads\/2018\/02\/Auto-Escola-Nobre-260x65.jpg 260w, https:\/\/www.portalalerta.com.br\/wp-content\/uploads\/2018\/02\/Auto-Escola-Nobre-50x13.jpg 50w, https:\/\/www.portalalerta.com.br\/wp-content\/uploads\/2018\/02\/Auto-Escola-Nobre-150x38.jpg 150w\" sizes=\"(max-width: 720px) 100vw, 720px\" \/><\/figure><\/div>\n\n\n\n<p>Com mais de 3.590 doses aplicadas, o munic\u00edpio tamb\u00e9m \u00e9 destaque quando se leva em conta o Estado como um todo, figurando entre os nove melhores desempenhos entre os 417 munic\u00edpio da Bahia. Esses n\u00fameros explicitam o trabalho exemplar da Prefeitura que se mantem mobilizada 24h por dia, desde que se iniciou a vacina\u00e7\u00e3o, colocando o cuidado \u00e0s pessoas acima de qualquer outra prioridade.<\/p>\n\n\n\n<p><em>Fonte: SECOM\/ Ribeira do Pombal<\/em><\/p>\n","protected":false},"excerpt":{"rendered":"<p>O governo da Bahia disponibiliza informa\u00e7\u00f5es sobre o andamento da execu\u00e7\u00e3o das vacinas contra a COVID-19 no Estado, atrav\u00e9s do site https:\/\/bi.saude.ba.gov.br\/vacinacao. Quem acessou esse sistema nessa segunda-feira, 21\/02, p\u00f4de verificar a classifica\u00e7\u00e3o de Ribeira do Pombal-BA na lideran\u00e7a da vacina\u00e7\u00e3o pedi\u00e1trica dentre os munic\u00edpios da Regi\u00e3o de Sa\u00fade Nordeste, que compreende as macroregi\u00f5es de &hellip;<\/p>\n","protected":false},"author":2,"featured_media":41187,"comment_status":"open","ping_status":"open","sticky":false,"template":"","format":"standard","meta":{"om_disable_all_campaigns":false,"_monsterinsights_skip_tracking":false,"_monsterinsights_sitenote_active":false,"_monsterinsights_sitenote_note":"","_monsterinsights_sitenote_category":0,"footnotes":""},"categories":[70,69,32,3,19],"tags":[3429,3486,5044,47,61,3570,371],"class_list":["post-41186","post","type-post","status-publish","format-standard","has-post-thumbnail","hentry","category-destaques","category-noticias2","category-regiao","category-ribeira-do-pombal","category-saude","tag-coronavirus","tag-covid-19","tag-pediatria","tag-ribeira-do-pombal","tag-saude","tag-vacina","tag-vacinacao"],"aioseo_notices":[],"_links":{"self":[{"href":"https:\/\/www.portalalerta.com.br\/index.php\/wp-json\/wp\/v2\/posts\/41186","targetHints":{"allow":["GET"]}}],"collection":[{"href":"https:\/\/www.portalalerta.com.br\/index.php\/wp-json\/wp\/v2\/posts"}],"about":[{"href":"https:\/\/www.portalalerta.com.br\/index.php\/wp-json\/wp\/v2\/types\/post"}],"author":[{"embeddable":true,"href":"https:\/\/www.portalalerta.com.br\/index.php\/wp-json\/wp\/v2\/users\/2"}],"replies":[{"embeddable":true,"href":"https:\/\/www.portalalerta.com.br\/index.php\/wp-json\/wp\/v2\/comments?post=41186"}],"version-history":[{"count":1,"href":"https:\/\/www.portalalerta.com.br\/index.php\/wp-json\/wp\/v2\/posts\/41186\/revisions"}],"predecessor-version":[{"id":41188,"href":"https:\/\/www.portalalerta.com.br\/index.php\/wp-json\/wp\/v2\/posts\/41186\/revisions\/41188"}],"wp:featuredmedia":[{"embeddable":true,"href":"https:\/\/www.portalalerta.com.br\/index.php\/wp-json\/wp\/v2\/media\/41187"}],"wp:attachment":[{"href":"https:\/\/www.portalalerta.com.br\/index.php\/wp-json\/wp\/v2\/media?parent=41186"}],"wp:term":[{"taxonomy":"category","embeddable":true,"href":"https:\/\/www.portalalerta.com.br\/index.php\/wp-json\/wp\/v2\/categories?post=41186"},{"taxonomy":"post_tag","embeddable":true,"href":"https:\/\/www.portalalerta.com.br\/index.php\/wp-json\/wp\/v2\/tags?post=41186"}],"curies":[{"name":"wp","href":"https:\/\/api.w.org\/{rel}","templated":true}]}}