{"id":41189,"date":"2022-02-22T11:30:00","date_gmt":"2022-02-22T14:30:00","guid":{"rendered":"https:\/\/www.portalalerta.com.br\/?p=41189"},"modified":"2022-02-21T23:49:26","modified_gmt":"2022-02-22T02:49:26","slug":"bancos-nao-terao-expediente-durante-feriado-de-carnaval-2022","status":"publish","type":"post","link":"https:\/\/www.portalalerta.com.br\/index.php\/2022\/02\/22\/bancos-nao-terao-expediente-durante-feriado-de-carnaval-2022\/","title":{"rendered":"Bancos n\u00e3o ter\u00e3o expediente durante feriado de carnaval 2022"},"content":{"rendered":"\n<p>O avan\u00e7o no n\u00famero de casos e mortes causadas pela Covid-19 levou muitos estados e mun\u00edcipios a revogar mais uma vez seus pontos facultativos e cancelaram suas festas e desfiles. Apesar disso, a Federa\u00e7\u00e3o Brasileira de Bancos (Febraban) informa que o calend\u00e1rio de feriados banc\u00e1rios est\u00e1 mantido e nos dias 28 de fevereiro e 1 de mar\u00e7o &#8211; segunda e ter\u00e7a-feira de carnaval &#8211; n\u00e3o haver\u00e1 atendimento ao p\u00fablico nas ag\u00eancias. J\u00e1 na quarta-feira de cinzas, dia 2 de mar\u00e7o, o in\u00edcio do expediente ser\u00e1 \u00e0s 12h, no hor\u00e1rio local, com encerramento em hor\u00e1rio normal de fechamento das ag\u00eancias.<\/p>\n\n\n\n<!--more-->\n\n\n\n<p>Nas localidades em que as ag\u00eancias fecham normalmente antes das 15h, o in\u00edcio do atendimento ao p\u00fablico ser\u00e1 antecipado, de modo a garantir o m\u00ednimo de 3 horas de funcionamento.<\/p>\n\n\n\n<div class=\"wp-block-image\"><figure class=\"alignleft size-large is-resized\"><img fetchpriority=\"high\" decoding=\"async\" src=\"https:\/\/www.portalalerta.com.br\/wp-content\/uploads\/2021\/10\/Cred-Real-1024x1024.jpeg\" alt=\"\" class=\"wp-image-38729\" width=\"383\" height=\"383\" srcset=\"https:\/\/www.portalalerta.com.br\/wp-content\/uploads\/2021\/10\/Cred-Real-1024x1024.jpeg 1024w, https:\/\/www.portalalerta.com.br\/wp-content\/uploads\/2021\/10\/Cred-Real-240x240.jpeg 240w, https:\/\/www.portalalerta.com.br\/wp-content\/uploads\/2021\/10\/Cred-Real-768x768.jpeg 768w, https:\/\/www.portalalerta.com.br\/wp-content\/uploads\/2021\/10\/Cred-Real-1536x1536.jpeg 1536w, https:\/\/www.portalalerta.com.br\/wp-content\/uploads\/2021\/10\/Cred-Real-146x146.jpeg 146w, https:\/\/www.portalalerta.com.br\/wp-content\/uploads\/2021\/10\/Cred-Real-50x50.jpeg 50w, https:\/\/www.portalalerta.com.br\/wp-content\/uploads\/2021\/10\/Cred-Real-75x75.jpeg 75w, https:\/\/www.portalalerta.com.br\/wp-content\/uploads\/2021\/10\/Cred-Real-85x85.jpeg 85w, https:\/\/www.portalalerta.com.br\/wp-content\/uploads\/2021\/10\/Cred-Real-80x80.jpeg 80w, https:\/\/www.portalalerta.com.br\/wp-content\/uploads\/2021\/10\/Cred-Real.jpeg 1920w\" sizes=\"(max-width: 383px) 100vw, 383px\" \/><\/figure><\/div>\n\n\n\n<p>A Febraban orienta os clientes a utilizarem preferencialmente os canais digitais, como sites e aplicativo dos bancos, para a realiza\u00e7\u00e3o de transfer\u00eancias e pagamento de contas nos dias em que n\u00e3o houver expediente banc\u00e1rio nas ag\u00eancias.<\/p>\n\n\n\n<p>As contas de consumo (\u00e1gua, energia, telefone etc.) e carn\u00eas com vencimento em 28 de fevereiro e 1 de mar\u00e7o poder\u00e3o ser pagos, sem acr\u00e9scimo, na quarta-feira (dia 2). Normalmente, os tributos j\u00e1 v\u00eam com datas ajustadas ao calend\u00e1rio de feriados nacionais, estaduais e municipais. Caso isso n\u00e3o tenha ocorrido no documento de arrecada\u00e7\u00e3o, a sugest\u00e3o \u00e9 antecipar o pagamento ou, no caso dos t\u00edtulos que t\u00eam c\u00f3digo de barras, agendar o pagamento nos caixas eletr\u00f4nicos, internet banking e pelo atendimento telef\u00f4nico dos bancos.<\/p>\n\n\n\n<p>Os boletos banc\u00e1rios de clientes cadastrados como sacados eletr\u00f4nicos poder\u00e3o ser pagos via DDA (D\u00e9bito Direto Autorizado).<\/p>\n\n\n\n<p><em>Fonte: Jeremoabo.com.br<\/em><\/p>\n","protected":false},"excerpt":{"rendered":"<p>O avan\u00e7o no n\u00famero de casos e mortes causadas pela Covid-19 levou muitos estados e mun\u00edcipios a revogar mais uma vez seus pontos facultativos e cancelaram suas festas e desfiles. Apesar disso, a Federa\u00e7\u00e3o Brasileira de Bancos (Febraban) informa que o calend\u00e1rio de feriados banc\u00e1rios est\u00e1 mantido e nos dias 28 de fevereiro e 1 &hellip;<\/p>\n","protected":false},"author":2,"featured_media":37700,"comment_status":"open","ping_status":"open","sticky":false,"template":"","format":"standard","meta":{"om_disable_all_campaigns":false,"_monsterinsights_skip_tracking":false,"_monsterinsights_sitenote_active":false,"_monsterinsights_sitenote_note":"","_monsterinsights_sitenote_category":0,"footnotes":""},"categories":[34,70,69],"tags":[255,93,448],"class_list":["post-41189","post","type-post","status-publish","format-standard","has-post-thumbnail","hentry","category-brasil","category-destaques","category-noticias2","tag-bancos","tag-brasil","tag-carnaval"],"aioseo_notices":[],"_links":{"self":[{"href":"https:\/\/www.portalalerta.com.br\/index.php\/wp-json\/wp\/v2\/posts\/41189","targetHints":{"allow":["GET"]}}],"collection":[{"href":"https:\/\/www.portalalerta.com.br\/index.php\/wp-json\/wp\/v2\/posts"}],"about":[{"href":"https:\/\/www.portalalerta.com.br\/index.php\/wp-json\/wp\/v2\/types\/post"}],"author":[{"embeddable":true,"href":"https:\/\/www.portalalerta.com.br\/index.php\/wp-json\/wp\/v2\/users\/2"}],"replies":[{"embeddable":true,"href":"https:\/\/www.portalalerta.com.br\/index.php\/wp-json\/wp\/v2\/comments?post=41189"}],"version-history":[{"count":1,"href":"https:\/\/www.portalalerta.com.br\/index.php\/wp-json\/wp\/v2\/posts\/41189\/revisions"}],"predecessor-version":[{"id":41190,"href":"https:\/\/www.portalalerta.com.br\/index.php\/wp-json\/wp\/v2\/posts\/41189\/revisions\/41190"}],"wp:featuredmedia":[{"embeddable":true,"href":"https:\/\/www.portalalerta.com.br\/index.php\/wp-json\/wp\/v2\/media\/37700"}],"wp:attachment":[{"href":"https:\/\/www.portalalerta.com.br\/index.php\/wp-json\/wp\/v2\/media?parent=41189"}],"wp:term":[{"taxonomy":"category","embeddable":true,"href":"https:\/\/www.portalalerta.com.br\/index.php\/wp-json\/wp\/v2\/categories?post=41189"},{"taxonomy":"post_tag","embeddable":true,"href":"https:\/\/www.portalalerta.com.br\/index.php\/wp-json\/wp\/v2\/tags?post=41189"}],"curies":[{"name":"wp","href":"https:\/\/api.w.org\/{rel}","templated":true}]}}