{"id":41193,"date":"2022-02-22T11:32:00","date_gmt":"2022-02-22T14:32:00","guid":{"rendered":"https:\/\/www.portalalerta.com.br\/?p=41193"},"modified":"2022-02-22T00:03:25","modified_gmt":"2022-02-22T03:03:25","slug":"bebe-e-abandonado-em-banheiro-do-mercado-de-artes-de-serrinha-ba-e-policia-apura-caso","status":"publish","type":"post","link":"https:\/\/www.portalalerta.com.br\/index.php\/2022\/02\/22\/bebe-e-abandonado-em-banheiro-do-mercado-de-artes-de-serrinha-ba-e-policia-apura-caso\/","title":{"rendered":"Beb\u00ea \u00e9 abandonado em banheiro do Mercado de Artes de Serrinha-BA e pol\u00edcia apura caso"},"content":{"rendered":"\n<p>Uma crian\u00e7a rec\u00e9m-nascida do sexo feminino foi abandonada pela genitora no mercado de artes da cidade de Serrinha, na \u00faltima quinta-feira (17), por volta das 11:15hs. A crian\u00e7a estava enrolada em uma pe\u00e7a de tecido, conhecida como \u2018cueiro\u2019, e foi encontrada atr\u00e1s da porta do banheiro do entreposto comercial, por uma funcion\u00e1ria da empresa que administra o espa\u00e7o.<\/p>\n\n\n\n<!--more-->\n\n\n\n<p>De acordo com a conselheira tutelar Naiane Oliveira Mota, que est\u00e1 acompanhando o caso, a beb\u00ea foi encontrada com uma pulseirinha no bra\u00e7o, onde constava a informa\u00e7\u00e3o que teria nascido no dia 16 de fevereiro, \u00e0s 10h25. Por\u00e9m, no acess\u00f3rio de identifica\u00e7\u00e3o, n\u00e3o constava o nome do hospital ou outras informa\u00e7\u00f5es que pudessem identificar a m\u00e3e.<\/p>\n\n\n\n<p><strong><em>\u201cEla foi deixada ontem pela manh\u00e3 \u00e0s 11h15 no Mercado de Arte de Serrinha e o pessoal que cuida do banheiro informou que uma pessoa entrou com uma bolsa e logo em seguida que ela saiu, a mo\u00e7a que toma conta do banheiro foi para fazer a vistoria e encontrou a crian\u00e7a atr\u00e1s da porta. Ela acionou o Conselho Tutelar e a Pol\u00edcia Militar. \u00c9 um rec\u00e9m-nascido do sexo feminino\u201d<\/em><\/strong>, confirmou a conselheira.<\/p>\n\n\n\n<div class=\"wp-block-image\"><figure class=\"aligncenter size-full\"><img fetchpriority=\"high\" decoding=\"async\" width=\"720\" height=\"181\" src=\"https:\/\/www.portalalerta.com.br\/wp-content\/uploads\/2018\/02\/Auto-Escola-Nobre.jpg\" alt=\"\" class=\"wp-image-4869\" srcset=\"https:\/\/www.portalalerta.com.br\/wp-content\/uploads\/2018\/02\/Auto-Escola-Nobre.jpg 720w, https:\/\/www.portalalerta.com.br\/wp-content\/uploads\/2018\/02\/Auto-Escola-Nobre-260x65.jpg 260w, https:\/\/www.portalalerta.com.br\/wp-content\/uploads\/2018\/02\/Auto-Escola-Nobre-50x13.jpg 50w, https:\/\/www.portalalerta.com.br\/wp-content\/uploads\/2018\/02\/Auto-Escola-Nobre-150x38.jpg 150w\" sizes=\"(max-width: 720px) 100vw, 720px\" \/><\/figure><\/div>\n\n\n\n<p>Segundo Naiane Oliveira, ap\u00f3s tomar conhecimento do caso, de imediato ela levou a crian\u00e7a para o hospital, onde recebeu os primeiros atendimentos.<\/p>\n\n\n\n<p><strong><em>\u201cDepois fizemos o registro em delegacia de abandono de incapaz para se fazer a busca dessa genitora. A crian\u00e7a est\u00e1 em um abrigo na cidade, que chama Casa Lar. J\u00e1 foi informado ao Minist\u00e9rio P\u00fablico e ao Juizado para expedirem a guia de acolhimento, at\u00e9 que a pol\u00edcia investigue e veja realmente como vai proceder sobre a quest\u00e3o. A crian\u00e7a estava arrumadinha, estava limpa, envolta em um cueiro. Quando chegamos ao hospital, foi feita uma for\u00e7a-tarefa de m\u00e9dicos, fiquei at\u00e9 emocionada. Est\u00e1 bem tranquila, sendo bem cuidada. E ontem o nosso celular n\u00e3o parou e tivemos que emitir uma nota, pois as pessoas j\u00e1 achavam que ela iria para a ado\u00e7\u00e3o, mas n\u00e3o \u00e9 dessa forma. Existe todo um tr\u00e2mite do Judici\u00e1rio, que s\u00f3 cabe ao Conselho dar o apoio para o que o Judici\u00e1rio solicitar\u201d<\/em><\/strong>, explicou.<\/p>\n\n\n\n<p>A conselheira esclareceu que os pr\u00f3ximos passos do judici\u00e1rio s\u00e3o solicitar a busca ativa da fam\u00edlia da crian\u00e7a e saber em qual contexto ela est\u00e1 inserida.<\/p>\n\n\n\n<p><strong><em>\u201cE temporariamente at\u00e9 que se investigue e localize a fam\u00edlia a crian\u00e7a ficar\u00e1 na casa de acolhimento. Depois disso, o juiz faz um estudo do caso, com a equipe multidisciplinar, com psic\u00f3logo, assistente social, todo um estudo com a fam\u00edlia para ver se est\u00e1 apta a receber a crian\u00e7a ou n\u00e3o. Foi a primeira vez que isso aconteceu em nossa cidade.\u201d<\/em><\/strong><\/p>\n\n\n\n<p>Procurada pela reportagem do Acorda Cidade, a delegacia de Serrinha informou que j\u00e1 apurou que a fam\u00edlia da beb\u00ea \u00e9 da cidade de Teofil\u00e2ndia, que fica pr\u00f3ximo a Serrinha. E o caso foi repassado para a delegacia de l\u00e1 investigar. O site n\u00e3o conseguiu contato com o delegado de Teofil\u00e2ncia para saber mais informa\u00e7\u00f5es sobre a apura\u00e7\u00e3o do caso.<\/p>\n\n\n\n<p><em>Fonte: R\u00e1dio Povo<\/em><\/p>\n\n\n\n<p><em>Com informa\u00e7\u00f5es: Acorda Cidade<\/em><\/p>\n","protected":false},"excerpt":{"rendered":"<p>Uma crian\u00e7a rec\u00e9m-nascida do sexo feminino foi abandonada pela genitora no mercado de artes da cidade de Serrinha, na \u00faltima quinta-feira (17), por volta das 11:15hs. A crian\u00e7a estava enrolada em uma pe\u00e7a de tecido, conhecida como \u2018cueiro\u2019, e foi encontrada atr\u00e1s da porta do banheiro do entreposto comercial, por uma funcion\u00e1ria da empresa que &hellip;<\/p>\n","protected":false},"author":2,"featured_media":41194,"comment_status":"open","ping_status":"open","sticky":false,"template":"","format":"standard","meta":{"om_disable_all_campaigns":false,"_monsterinsights_skip_tracking":false,"_monsterinsights_sitenote_active":false,"_monsterinsights_sitenote_note":"","_monsterinsights_sitenote_category":0,"footnotes":""},"categories":[33,70,69,22],"tags":[54,4443,397,176],"class_list":["post-41193","post","type-post","status-publish","format-standard","has-post-thumbnail","hentry","category-bahia","category-destaques","category-noticias2","category-seguranca","tag-bahia","tag-crianca-abandonada","tag-seguranca","tag-serrinha"],"aioseo_notices":[],"_links":{"self":[{"href":"https:\/\/www.portalalerta.com.br\/index.php\/wp-json\/wp\/v2\/posts\/41193","targetHints":{"allow":["GET"]}}],"collection":[{"href":"https:\/\/www.portalalerta.com.br\/index.php\/wp-json\/wp\/v2\/posts"}],"about":[{"href":"https:\/\/www.portalalerta.com.br\/index.php\/wp-json\/wp\/v2\/types\/post"}],"author":[{"embeddable":true,"href":"https:\/\/www.portalalerta.com.br\/index.php\/wp-json\/wp\/v2\/users\/2"}],"replies":[{"embeddable":true,"href":"https:\/\/www.portalalerta.com.br\/index.php\/wp-json\/wp\/v2\/comments?post=41193"}],"version-history":[{"count":1,"href":"https:\/\/www.portalalerta.com.br\/index.php\/wp-json\/wp\/v2\/posts\/41193\/revisions"}],"predecessor-version":[{"id":41195,"href":"https:\/\/www.portalalerta.com.br\/index.php\/wp-json\/wp\/v2\/posts\/41193\/revisions\/41195"}],"wp:featuredmedia":[{"embeddable":true,"href":"https:\/\/www.portalalerta.com.br\/index.php\/wp-json\/wp\/v2\/media\/41194"}],"wp:attachment":[{"href":"https:\/\/www.portalalerta.com.br\/index.php\/wp-json\/wp\/v2\/media?parent=41193"}],"wp:term":[{"taxonomy":"category","embeddable":true,"href":"https:\/\/www.portalalerta.com.br\/index.php\/wp-json\/wp\/v2\/categories?post=41193"},{"taxonomy":"post_tag","embeddable":true,"href":"https:\/\/www.portalalerta.com.br\/index.php\/wp-json\/wp\/v2\/tags?post=41193"}],"curies":[{"name":"wp","href":"https:\/\/api.w.org\/{rel}","templated":true}]}}