{"id":41196,"date":"2022-02-22T11:33:00","date_gmt":"2022-02-22T14:33:00","guid":{"rendered":"https:\/\/www.portalalerta.com.br\/?p=41196"},"modified":"2022-02-22T00:09:48","modified_gmt":"2022-02-22T03:09:48","slug":"policia-civil-prende-homem-acusado-de-estupro-e-ameaca-em-araci-ba","status":"publish","type":"post","link":"https:\/\/www.portalalerta.com.br\/index.php\/2022\/02\/22\/policia-civil-prende-homem-acusado-de-estupro-e-ameaca-em-araci-ba\/","title":{"rendered":"Pol\u00edcia Civil prende homem acusado de estupro e amea\u00e7a em Araci-BA"},"content":{"rendered":"\n<p>Um homem, de 38 anos, conhecido como &#8220;Paloso&#8221;, que estava com um mandado de pris\u00e3o em aberto pelos crimes de estupro e amea\u00e7a foi preso, no in\u00edcio da manh\u00e3 da \u00faltima sexta-feira (18), na Rua Terra Vermelha, no bairro Bombinha, em Araci-BA. A a\u00e7\u00e3o foi realizada por policiais do Servi\u00e7o de Intelig\u00eancia da Pol\u00edcia Civil, sob comando do delegado Hidelbrando Alves da Silva.<\/p>\n\n\n\n<!--more-->\n\n\n\n<div class=\"wp-block-image\"><figure class=\"aligncenter size-full\"><img fetchpriority=\"high\" decoding=\"async\" width=\"720\" height=\"181\" src=\"https:\/\/www.portalalerta.com.br\/wp-content\/uploads\/2018\/02\/Auto-Escola-Nobre.jpg\" alt=\"\" class=\"wp-image-4869\" srcset=\"https:\/\/www.portalalerta.com.br\/wp-content\/uploads\/2018\/02\/Auto-Escola-Nobre.jpg 720w, https:\/\/www.portalalerta.com.br\/wp-content\/uploads\/2018\/02\/Auto-Escola-Nobre-260x65.jpg 260w, https:\/\/www.portalalerta.com.br\/wp-content\/uploads\/2018\/02\/Auto-Escola-Nobre-50x13.jpg 50w, https:\/\/www.portalalerta.com.br\/wp-content\/uploads\/2018\/02\/Auto-Escola-Nobre-150x38.jpg 150w\" sizes=\"(max-width: 720px) 100vw, 720px\" \/><\/figure><\/div>\n\n\n\n<p>Com o cumprimento da pris\u00e3o preventiva, expedida pela Comarca local, o suspeito passou por exame de les\u00f5es e foi encaminhado para a carceragem da 15\u00aa Coorpin (Coordenadoria Regional de Pol\u00edcia do Interior), ficando \u00e0 disposi\u00e7\u00e3o da Justi\u00e7a.<\/p>\n\n\n\n<p>Fonte: Cleriston Silva<\/p>\n","protected":false},"excerpt":{"rendered":"<p>Um homem, de 38 anos, conhecido como &#8220;Paloso&#8221;, que estava com um mandado de pris\u00e3o em aberto pelos crimes de estupro e amea\u00e7a foi preso, no in\u00edcio da manh\u00e3 da \u00faltima sexta-feira (18), na Rua Terra Vermelha, no bairro Bombinha, em Araci-BA. A a\u00e7\u00e3o foi realizada por policiais do Servi\u00e7o de Intelig\u00eancia da Pol\u00edcia Civil, &hellip;<\/p>\n","protected":false},"author":2,"featured_media":20567,"comment_status":"open","ping_status":"open","sticky":false,"template":"","format":"standard","meta":{"om_disable_all_campaigns":false,"_monsterinsights_skip_tracking":false,"_monsterinsights_sitenote_active":false,"_monsterinsights_sitenote_note":"","_monsterinsights_sitenote_category":0,"footnotes":""},"categories":[41,70,69,32,22],"tags":[59,56,122,77],"class_list":["post-41196","post","type-post","status-publish","format-standard","has-post-thumbnail","hentry","category-araci","category-destaques","category-noticias2","category-regiao","category-seguranca","tag-ameaca","tag-estupro","tag-policia-civil","tag-preso"],"aioseo_notices":[],"_links":{"self":[{"href":"https:\/\/www.portalalerta.com.br\/index.php\/wp-json\/wp\/v2\/posts\/41196","targetHints":{"allow":["GET"]}}],"collection":[{"href":"https:\/\/www.portalalerta.com.br\/index.php\/wp-json\/wp\/v2\/posts"}],"about":[{"href":"https:\/\/www.portalalerta.com.br\/index.php\/wp-json\/wp\/v2\/types\/post"}],"author":[{"embeddable":true,"href":"https:\/\/www.portalalerta.com.br\/index.php\/wp-json\/wp\/v2\/users\/2"}],"replies":[{"embeddable":true,"href":"https:\/\/www.portalalerta.com.br\/index.php\/wp-json\/wp\/v2\/comments?post=41196"}],"version-history":[{"count":1,"href":"https:\/\/www.portalalerta.com.br\/index.php\/wp-json\/wp\/v2\/posts\/41196\/revisions"}],"predecessor-version":[{"id":41197,"href":"https:\/\/www.portalalerta.com.br\/index.php\/wp-json\/wp\/v2\/posts\/41196\/revisions\/41197"}],"wp:featuredmedia":[{"embeddable":true,"href":"https:\/\/www.portalalerta.com.br\/index.php\/wp-json\/wp\/v2\/media\/20567"}],"wp:attachment":[{"href":"https:\/\/www.portalalerta.com.br\/index.php\/wp-json\/wp\/v2\/media?parent=41196"}],"wp:term":[{"taxonomy":"category","embeddable":true,"href":"https:\/\/www.portalalerta.com.br\/index.php\/wp-json\/wp\/v2\/categories?post=41196"},{"taxonomy":"post_tag","embeddable":true,"href":"https:\/\/www.portalalerta.com.br\/index.php\/wp-json\/wp\/v2\/tags?post=41196"}],"curies":[{"name":"wp","href":"https:\/\/api.w.org\/{rel}","templated":true}]}}