{"id":41199,"date":"2022-02-23T07:00:00","date_gmt":"2022-02-23T10:00:00","guid":{"rendered":"https:\/\/www.portalalerta.com.br\/?p=41199"},"modified":"2022-02-22T23:16:19","modified_gmt":"2022-02-23T02:16:19","slug":"kassab-afirma-que-candidatura-de-otto-ao-governo-seria-uma-punicao-ao-senador","status":"publish","type":"post","link":"https:\/\/www.portalalerta.com.br\/index.php\/2022\/02\/23\/kassab-afirma-que-candidatura-de-otto-ao-governo-seria-uma-punicao-ao-senador\/","title":{"rendered":"Kassab afirma que candidatura de Otto ao governo seria \u2018uma puni\u00e7\u00e3o\u2019 ao senador"},"content":{"rendered":"\n<p>Presidente nacional do PSD, o ex-ministro Gilberto Kassab declarou, em entrevista ao programa Canal Livre, da Band News, na noite de domingo (21), que o atual conflito existente no grupo de Rui Costa (PT) ocorre pelo fato de o governador da Bahia querer disputar o Senado no lugar de Otto Alencar.<\/p>\n\n\n\n<!--more-->\n\n\n\n<p>Segundo ele, <strong><em>\u201cseria puni\u00e7\u00e3o ao Otto\u201d<\/em><\/strong>. <strong><em>\u201cRui Costa quer ser senador e Otto tamb\u00e9m quer. Isso poderia ser um gesto negativo. Muito ruim. Otto \u00e9 um tradicional parceiro do PT\u201d<\/em><\/strong>, disse Kassab, que emendou:<\/p>\n\n\n\n<div class=\"wp-block-image\"><figure class=\"alignleft size-large is-resized\"><img fetchpriority=\"high\" decoding=\"async\" src=\"https:\/\/www.portalalerta.com.br\/wp-content\/uploads\/2021\/10\/Cred-Real-1024x1024.jpeg\" alt=\"\" class=\"wp-image-38729\" width=\"395\" height=\"395\" srcset=\"https:\/\/www.portalalerta.com.br\/wp-content\/uploads\/2021\/10\/Cred-Real-1024x1024.jpeg 1024w, https:\/\/www.portalalerta.com.br\/wp-content\/uploads\/2021\/10\/Cred-Real-240x240.jpeg 240w, https:\/\/www.portalalerta.com.br\/wp-content\/uploads\/2021\/10\/Cred-Real-768x768.jpeg 768w, https:\/\/www.portalalerta.com.br\/wp-content\/uploads\/2021\/10\/Cred-Real-1536x1536.jpeg 1536w, https:\/\/www.portalalerta.com.br\/wp-content\/uploads\/2021\/10\/Cred-Real-146x146.jpeg 146w, https:\/\/www.portalalerta.com.br\/wp-content\/uploads\/2021\/10\/Cred-Real-50x50.jpeg 50w, https:\/\/www.portalalerta.com.br\/wp-content\/uploads\/2021\/10\/Cred-Real-75x75.jpeg 75w, https:\/\/www.portalalerta.com.br\/wp-content\/uploads\/2021\/10\/Cred-Real-85x85.jpeg 85w, https:\/\/www.portalalerta.com.br\/wp-content\/uploads\/2021\/10\/Cred-Real-80x80.jpeg 80w, https:\/\/www.portalalerta.com.br\/wp-content\/uploads\/2021\/10\/Cred-Real.jpeg 1920w\" sizes=\"(max-width: 395px) 100vw, 395px\" \/><\/figure><\/div>\n\n\n\n<p><strong><em>\u201cDentro do partido [o PSD] \u00e9 ele quem lidera as manifesta\u00e7\u00f5es em favor da alian\u00e7a com Lula at\u00e9 no primeiro turno. Isso \u00e9 traduzido de maneira negativa para o Otto e para o partido. Ele \u00e9 aliado do PT na Bahia\u201d.<\/em><\/strong><\/p>\n\n\n\n<p>Para Kassab, essa costura na Bahia que ganhou o notici\u00e1rio ap\u00f3s o encontro entre Rui, Otto, Wagner, Jo\u00e3o Le\u00e3o e Lula em S\u00e3o Paulo <strong><em>\u201c\u00e9 uma p\u00e9ssima sinaliza\u00e7\u00e3o\u201d<\/em><\/strong>.<\/p>\n\n\n\n<p><strong><em>\u201cAcredito que l\u00e1, sim, Otto sai candidato a senador e isso agrada muito o PSD\u201d<\/em><\/strong>, acrescentou.<\/p>\n\n\n\n<p><em>Fonte: Cleriston Silva<\/em><\/p>\n","protected":false},"excerpt":{"rendered":"<p>Presidente nacional do PSD, o ex-ministro Gilberto Kassab declarou, em entrevista ao programa Canal Livre, da Band News, na noite de domingo (21), que o atual conflito existente no grupo de Rui Costa (PT) ocorre pelo fato de o governador da Bahia querer disputar o Senado no lugar de Otto Alencar.<\/p>\n","protected":false},"author":2,"featured_media":41200,"comment_status":"open","ping_status":"open","sticky":false,"template":"","format":"standard","meta":{"om_disable_all_campaigns":false,"_monsterinsights_skip_tracking":false,"_monsterinsights_sitenote_active":false,"_monsterinsights_sitenote_note":"","_monsterinsights_sitenote_category":0,"footnotes":""},"categories":[33,34,70,69,21],"tags":[3181,912,614,1557,673,961,304,282,235],"class_list":["post-41199","post","type-post","status-publish","format-standard","has-post-thumbnail","hentry","category-bahia","category-brasil","category-destaques","category-noticias2","category-politica","tag-eleicoes-2022","tag-governo-da-bahia","tag-jaques-wagner","tag-kassab","tag-otto-alencar","tag-psd","tag-pt","tag-rui-costa","tag-senado-federal"],"aioseo_notices":[],"_links":{"self":[{"href":"https:\/\/www.portalalerta.com.br\/index.php\/wp-json\/wp\/v2\/posts\/41199","targetHints":{"allow":["GET"]}}],"collection":[{"href":"https:\/\/www.portalalerta.com.br\/index.php\/wp-json\/wp\/v2\/posts"}],"about":[{"href":"https:\/\/www.portalalerta.com.br\/index.php\/wp-json\/wp\/v2\/types\/post"}],"author":[{"embeddable":true,"href":"https:\/\/www.portalalerta.com.br\/index.php\/wp-json\/wp\/v2\/users\/2"}],"replies":[{"embeddable":true,"href":"https:\/\/www.portalalerta.com.br\/index.php\/wp-json\/wp\/v2\/comments?post=41199"}],"version-history":[{"count":1,"href":"https:\/\/www.portalalerta.com.br\/index.php\/wp-json\/wp\/v2\/posts\/41199\/revisions"}],"predecessor-version":[{"id":41201,"href":"https:\/\/www.portalalerta.com.br\/index.php\/wp-json\/wp\/v2\/posts\/41199\/revisions\/41201"}],"wp:featuredmedia":[{"embeddable":true,"href":"https:\/\/www.portalalerta.com.br\/index.php\/wp-json\/wp\/v2\/media\/41200"}],"wp:attachment":[{"href":"https:\/\/www.portalalerta.com.br\/index.php\/wp-json\/wp\/v2\/media?parent=41199"}],"wp:term":[{"taxonomy":"category","embeddable":true,"href":"https:\/\/www.portalalerta.com.br\/index.php\/wp-json\/wp\/v2\/categories?post=41199"},{"taxonomy":"post_tag","embeddable":true,"href":"https:\/\/www.portalalerta.com.br\/index.php\/wp-json\/wp\/v2\/tags?post=41199"}],"curies":[{"name":"wp","href":"https:\/\/api.w.org\/{rel}","templated":true}]}}