{"id":41202,"date":"2022-02-23T07:01:00","date_gmt":"2022-02-23T10:01:00","guid":{"rendered":"https:\/\/www.portalalerta.com.br\/?p=41202"},"modified":"2022-02-22T23:21:56","modified_gmt":"2022-02-23T02:21:56","slug":"biden-anuncia-sancoes-contra-russia-por-ameaca-de-invasao-a-ucrania","status":"publish","type":"post","link":"https:\/\/www.portalalerta.com.br\/index.php\/2022\/02\/23\/biden-anuncia-sancoes-contra-russia-por-ameaca-de-invasao-a-ucrania\/","title":{"rendered":"Biden anuncia san\u00e7\u00f5es contra R\u00fassia por amea\u00e7a de invas\u00e3o \u00e0 Ucr\u00e2nia"},"content":{"rendered":"\n<p>O presidente dos Estados Unidos, Joe Biden, anunciou san\u00e7\u00f5es do pa\u00eds contra R\u00fassia. Em um pronunciamento, Biden afirmou que\u00a0Vladimir Putin, indiretamente, amea\u00e7ou o direito de a Ucr\u00e2nia existir.<\/p>\n\n\n\n<!--more-->\n\n\n\n<p>A fala de Biden acontece um dia ap\u00f3s\u00a0Putin reconhecer Luhansk e Donetsk como regi\u00f5es independentes da Ucr\u00e2nia. Segundo o presidente dos Estados Unidos, o posicionamento de Putin foi <strong>\u201cbizarro\u201d<\/strong> e simboliza um in\u00edcio de invas\u00e3o.<\/p>\n\n\n\n<p>As primeiras medidas norte-americanas contra a R\u00fassia envolvem grandes institui\u00e7\u00f5es financeiras, o VEB e o banco militar russo. Ambos ficar\u00e3o sem financiamento ocidental. Al\u00e9m disso, a elite financeira russa e familiares ser\u00e3o afetados, sem poder negociar com pa\u00edses ocidentais.<\/p>\n\n\n\n<p><strong><em>\u201cSe a R\u00fassia quiser seguir adiante com essa invas\u00e3o, n\u00f3s estamos prontos para ir adiante com as san\u00e7\u00f5es. Quem Putin acha que deu a ele o direito de dizer que territ\u00f3rios dos vizinhos fazem parte do pa\u00eds dele?\u201d<\/em><\/strong>, disse Joe Biden. Segundo o presidente norte-americano, as decis\u00f5es tomadas pelo governo dos Estados Unidos est\u00e3o alinhadas com os pa\u00edses aliados.<\/p>\n\n\n\n<p>Al\u00e9m disso, os Estados Unidos garantem que continuar\u00e3o dando apoio militar \u00e0 Ucr\u00e2nia. <strong><em>\u201cDeixe-me deixar claro: esses s\u00e3o movimentos de defesa. N\u00f3s n\u00e3o temos interesse em lutar com a R\u00fassia, mas queremos mandar uma mensagem de que os Estados Unidos, junto aos nossos aliados v\u00e3o defender a soberania dos territ\u00f3rios\u201d.<\/em><\/strong><\/p>\n\n\n\n<p>Mesmo que Putin negue estar invadindo a Ucr\u00e2nia, Biden prev\u00ea o in\u00edcio de uma guerra em breve.<\/p>\n\n\n\n<p><strong><em>\u201cAcreditamos que a R\u00fassia ainda ir\u00e3 muito longe e far\u00e1 ataques militares contra a Ucr\u00e2nia. Espero estar errado, mas a R\u00fassia s\u00f3 est\u00e1 escalando e avan\u00e7ando sobre o territ\u00f3rio ucraniano\u201d,<\/em><\/strong><em> <\/em>declarou<em>. <strong>\u201cA R\u00fassia levou mantimento e sangue, al\u00e9m de equipamentos, para as fronteiras. Voc\u00ea n\u00e3o precisa de sangue, a n\u00e3o ser que voc\u00ea planeje come\u00e7ar uma guerra.\u201d<\/strong><\/em><\/p>\n\n\n\n<p>Biden disse ainda que est\u00e1 em constando contato com l\u00edderes europeus e tamb\u00e9m com Volodymyr Zelensky, presidente da Ucr\u00e2nia. <strong><em>\u201cEm todo passo, mostramos que os Estados Unidos e nossos aliados estamos trabalhando em un\u00edssono \u2013 com o que voc\u00ea n\u00e3o contava, sr. Putin. Estamos unidos no nosso suporte \u00e0 Ucr\u00e2nia, estamos unidos contra as agress\u00f5es da R\u00fassia e estamos unidos no nosso objetivo de defender as nossas alian\u00e7as. E estamos unidos contra a amea\u00e7a da R\u00fassia contra a nossa estabilidade.\u201d<\/em><\/strong><\/p>\n\n\n\n<p>Ao final da fala, Biden afirmou que ainda h\u00e1 tempo para evitar o pior cen\u00e1rio e seguir o caminho da democracia.<\/p>\n\n\n\n<p><em>Fonte: Yahoo Not\u00edcias<\/em><\/p>\n","protected":false},"excerpt":{"rendered":"<p>O presidente dos Estados Unidos, Joe Biden, anunciou san\u00e7\u00f5es do pa\u00eds contra R\u00fassia. Em um pronunciamento, Biden afirmou que\u00a0Vladimir Putin, indiretamente, amea\u00e7ou o direito de a Ucr\u00e2nia existir.<\/p>\n","protected":false},"author":2,"featured_media":32131,"comment_status":"open","ping_status":"open","sticky":false,"template":"","format":"standard","meta":{"om_disable_all_campaigns":false,"_monsterinsights_skip_tracking":false,"_monsterinsights_sitenote_active":false,"_monsterinsights_sitenote_note":"","_monsterinsights_sitenote_category":0,"footnotes":""},"categories":[70,35,69],"tags":[327,3977,339,94,826,5254],"class_list":["post-41202","post","type-post","status-publish","format-standard","has-post-thumbnail","hentry","category-destaques","category-mundo","category-noticias2","tag-eua","tag-joe-biden","tag-mundo","tag-presidente","tag-russia","tag-sancoes"],"aioseo_notices":[],"_links":{"self":[{"href":"https:\/\/www.portalalerta.com.br\/index.php\/wp-json\/wp\/v2\/posts\/41202","targetHints":{"allow":["GET"]}}],"collection":[{"href":"https:\/\/www.portalalerta.com.br\/index.php\/wp-json\/wp\/v2\/posts"}],"about":[{"href":"https:\/\/www.portalalerta.com.br\/index.php\/wp-json\/wp\/v2\/types\/post"}],"author":[{"embeddable":true,"href":"https:\/\/www.portalalerta.com.br\/index.php\/wp-json\/wp\/v2\/users\/2"}],"replies":[{"embeddable":true,"href":"https:\/\/www.portalalerta.com.br\/index.php\/wp-json\/wp\/v2\/comments?post=41202"}],"version-history":[{"count":1,"href":"https:\/\/www.portalalerta.com.br\/index.php\/wp-json\/wp\/v2\/posts\/41202\/revisions"}],"predecessor-version":[{"id":41203,"href":"https:\/\/www.portalalerta.com.br\/index.php\/wp-json\/wp\/v2\/posts\/41202\/revisions\/41203"}],"wp:featuredmedia":[{"embeddable":true,"href":"https:\/\/www.portalalerta.com.br\/index.php\/wp-json\/wp\/v2\/media\/32131"}],"wp:attachment":[{"href":"https:\/\/www.portalalerta.com.br\/index.php\/wp-json\/wp\/v2\/media?parent=41202"}],"wp:term":[{"taxonomy":"category","embeddable":true,"href":"https:\/\/www.portalalerta.com.br\/index.php\/wp-json\/wp\/v2\/categories?post=41202"},{"taxonomy":"post_tag","embeddable":true,"href":"https:\/\/www.portalalerta.com.br\/index.php\/wp-json\/wp\/v2\/tags?post=41202"}],"curies":[{"name":"wp","href":"https:\/\/api.w.org\/{rel}","templated":true}]}}